{"id":22991,"date":"2025-03-29T02:53:01","date_gmt":"2025-03-29T02:53:01","guid":{"rendered":"https:\/\/new.findnews5.com\/?p=22991"},"modified":"2025-03-29T02:53:02","modified_gmt":"2025-03-29T02:53:02","slug":"22991","status":"publish","type":"post","link":"https:\/\/new.findnews5.com\/?p=22991","title":{"rendered":""},"content":{"rendered":"<div class=\"78954ae5fa42b68c1393fe3da4998882\" data-index=\"1\" style=\"float: none; margin:0px 0 0px 0; text-align:center;\">\n<div data-type=\"_mgwidget\" data-widget-id=\"1576712\">\r\n<\/div>\r\n<script>(function(w,q){w[q]=w[q]||[];w[q].push([\"_mgc.load\"])})(window,\"_mgq\");\r\n<\/script>\r\n\n<\/div>\n\n<p>Komisioni publikoi nj\u00eb plan me 30 hapa p\u00ebr t\u2019u p\u00ebrballur me k\u00ebrc\u00ebnimet e shtuara, p\u00ebrfshir\u00eb agresionin rus.<\/p>\n\n\n\n<p>Bashkimi Europian ka propozuar q\u00eb familjet t\u00eb krijojn\u00eb rezerva t\u00eb domosdoshme p\u00ebr t\u00eb mbijetuar t\u00eb pakt\u00ebn 72 or\u00eb n\u00eb rast krize, pasi lufta e Rusis\u00eb n\u00eb Ukrain\u00eb dhe peizazhi gjeopolitik gjithnj\u00eb e m\u00eb i pasigurt e kan\u00eb shtyr\u00eb bllokun t\u00eb nd\u00ebrmarr\u00eb hapa t\u00eb rinj p\u00ebr t\u00eb rritur sigurin\u00eb e tij.<\/p>\n\n\n\n<p>Konflikti i vazhduesh\u00ebm n\u00eb Ukrain\u00eb, pandemia e Covid-19 q\u00eb nxori n\u00eb pah munges\u00ebn e aft\u00ebsis\u00eb p\u00ebr t\u2019iu p\u00ebrgjigjur krizave dhe q\u00ebndrimi armiq\u00ebsor i administrat\u00ebs Trump ndaj Evrop\u00ebs e kan\u00eb detyruar kontinentin t\u00eb rishqyrtoj\u00eb dob\u00ebsit\u00eb e tij dhe t\u00eb rris\u00eb shpenzimet p\u00ebr mbrojtjen dhe sigurin\u00eb.<\/p>\n\n\n\n<p>Nisma e re vjen n\u00eb nj\u00eb koh\u00eb kur agjencit\u00eb evropiane t\u00eb inteligjenc\u00ebs paralajm\u00ebrojn\u00eb se Rusia mund t\u00eb sulmoj\u00eb nj\u00eb shtet an\u00ebtar t\u00eb BE-s\u00eb brenda tre deri n\u00eb pes\u00eb vjet\u00ebve t\u00eb ardhsh\u00ebm. K\u00ebtyre rreziqeve u shtohen edhe k\u00ebrc\u00ebnime natyrore si p\u00ebrmbytjet dhe zjarret, t\u00eb p\u00ebrkeq\u00ebsuara nga ndryshimet klimatike, si dhe rreziqe shoq\u00ebrore si krizat financiare.<\/p>\n\n\n\n<p>Evropa po p\u00ebrballet me k\u00ebrc\u00ebnime t\u00eb shtuara, \u201cp\u00ebrfshir\u00eb mund\u00ebsin\u00eb e nj\u00eb agresioni t\u00eb armatosur kund\u00ebr shteteve an\u00ebtare\u201d, paralajm\u00ebroi t\u00eb m\u00ebrkur\u00ebn Komisioni Evropian, teksa publikoi nj\u00eb plan me 30 hapa p\u00ebr 27 kryeqytetet e BE-s\u00eb p\u00ebr t\u00eb rritur gatishm\u00ebrin\u00eb dhe masat e zbutjes s\u00eb krizave.<\/p>\n\n\n\n<p>\u201cRealitetet e reja k\u00ebrkojn\u00eb nj\u00eb nivel t\u00eb ri gatishm\u00ebrie n\u00eb Evrop\u00eb,\u201d tha presidentja e Komisionit Evropian, Ursula von der Leyen. \u201cQytetar\u00ebt tan\u00eb, shtetet tona an\u00ebtare dhe bizneset tona kan\u00eb nevoj\u00eb p\u00ebr mjetet e duhura p\u00ebr t\u00eb vepruar, si p\u00ebr t\u00eb parandaluar krizat, ashtu edhe p\u00ebr t\u00eb reaguar me shpejt\u00ebsi kur ndodh nj\u00eb fatkeq\u00ebsi.\u201d<\/p>\n\n\n\n<p>Nisma e Brukselit, e cila p\u00ebrfshin si hapa konkret\u00eb q\u00eb duhen nd\u00ebrmarr\u00eb nga ekzekutivi i BE-s\u00eb, ashtu edhe sugjerime jolegjislative p\u00ebr kryeqytetet komb\u00ebtare, \u00ebsht\u00eb frym\u00ebzuar nga politikat e vjetra t\u00eb reagimit ndaj krizave n\u00eb vende si Finlanda, Suedia dhe Belgjika.<\/p>\n\n\n\n<p>Ajo \u00ebsht\u00eb pjes\u00ebrisht e krijuar si nj\u00eb thirrje zgjimi p\u00ebr disa kryeqytete q\u00eb nuk kan\u00eb aft\u00ebsi t\u00eb mjaftueshme p\u00ebr t\u2019iu p\u00ebrgjigjur krizave.<\/p>\n\n\n\n<p>P\u00ebrve\u00e7 inkurajimit t\u00eb publikut p\u00ebr t\u00eb nd\u00ebrmarr\u00eb masa praktike, si ruajtja e rezervave t\u00eb domosdoshme p\u00ebr t\u00eb pakt\u00ebn 72 or\u00eb n\u00eb raste emergjencash, Komisioni propozon krijimin e nj\u00eb \u201cqendre krize t\u00eb BE-s\u00eb\u201d p\u00ebr t\u00eb bashk\u00ebrenduar reagimet nd\u00ebrkufitare.<\/p>\n\n\n\n<p>Gjithashtu, k\u00ebrkohet nj\u00eb \u201cruajtje m\u00eb e madhe e pajisjeve dhe materialeve kritike\u201d dhe masa p\u00ebr t\u00eb siguruar vazhdim\u00ebsin\u00eb e sh\u00ebrbimeve si kujdesi sh\u00ebndet\u00ebsor, furnizimi me uj\u00eb dhe telekomunikacioni n\u00eb rast konflikti ose fatkeq\u00ebsie.<\/p>\n\n\n\n<p>Kjo nism\u00eb vjen pas paralajm\u00ebrimeve t\u00eb Sauli Niinist\u00f6, ish-presidentit t\u00eb Finland\u00ebs, n\u00eb nj\u00eb raport t\u00eb porositur nga BE-ja dhe publikuar n\u00eb tetor, ku theksohej se Evropa e kishte marr\u00eb sigurin\u00eb e saj si t\u00eb mir\u00ebqen\u00eb q\u00eb nga fundi i Luft\u00ebs s\u00eb Ftoht\u00eb dhe tani ishte e cenueshme.<\/p>\n\n\n\n<p>\u201cPo p\u00ebrballemi me nj\u00eb num\u00ebr gjithnj\u00eb e m\u00eb t\u00eb madh sfidash t\u00eb siguris\u00eb s\u00eb jashtme dhe nj\u00eb rritje t\u00eb sulmeve hibride,\u201d tha Kaja Kallas, n\u00ebnkryetarja e Komisionit p\u00ebr politik\u00ebn e jashtme dhe t\u00eb siguris\u00eb. \u201c\u00cbsht\u00eb e qart\u00eb se Evropa duhet t\u00eb jet\u00eb m\u00eb e fort\u00eb n\u00eb t\u00eb gjitha frontet dhe n\u00eb \u00e7do nivel t\u00eb shoq\u00ebris\u00eb. Gjithmon\u00eb \u00ebsht\u00eb m\u00eb mir\u00eb t\u00eb parandalosh krizat sesa t\u00eb p\u00ebrballesh me pasojat e tyre.\u201d\/ monitor<\/p>\n\n<div style=\"font-size: 0px; height: 0px; line-height: 0px; margin: 0; padding: 0; clear: both;\"><\/div>","protected":false},"excerpt":{"rendered":"<p>Komisioni publikoi nj\u00eb plan me 30 hapa p\u00ebr t\u2019u p\u00ebrballur me k\u00ebrc\u00ebnimet e shtuara, p\u00ebrfshir\u00eb agresionin rus. Bashkimi Europian ka propozuar q\u00eb familjet t\u00eb krijojn\u00eb rezerva t\u00eb&#8230; <\/p>\n","protected":false},"author":1,"featured_media":0,"comment_status":"open","ping_status":"open","sticky":false,"template":"","format":"standard","meta":{"footnotes":""},"categories":[6],"tags":[],"class_list":["post-22991","post","type-post","status-publish","format-standard","hentry","category-lajme"],"_links":{"self":[{"href":"https:\/\/new.findnews5.com\/index.php?rest_route=\/wp\/v2\/posts\/22991","targetHints":{"allow":["GET"]}}],"collection":[{"href":"https:\/\/new.findnews5.com\/index.php?rest_route=\/wp\/v2\/posts"}],"about":[{"href":"https:\/\/new.findnews5.com\/index.php?rest_route=\/wp\/v2\/types\/post"}],"author":[{"embeddable":true,"href":"https:\/\/new.findnews5.com\/index.php?rest_route=\/wp\/v2\/users\/1"}],"replies":[{"embeddable":true,"href":"https:\/\/new.findnews5.com\/index.php?rest_route=%2Fwp%2Fv2%2Fcomments&post=22991"}],"version-history":[{"count":1,"href":"https:\/\/new.findnews5.com\/index.php?rest_route=\/wp\/v2\/posts\/22991\/revisions"}],"predecessor-version":[{"id":22992,"href":"https:\/\/new.findnews5.com\/index.php?rest_route=\/wp\/v2\/posts\/22991\/revisions\/22992"}],"wp:attachment":[{"href":"https:\/\/new.findnews5.com\/index.php?rest_route=%2Fwp%2Fv2%2Fmedia&parent=22991"}],"wp:term":[{"taxonomy":"category","embeddable":true,"href":"https:\/\/new.findnews5.com\/index.php?rest_route=%2Fwp%2Fv2%2Fcategories&post=22991"},{"taxonomy":"post_tag","embeddable":true,"href":"https:\/\/new.findnews5.com\/index.php?rest_route=%2Fwp%2Fv2%2Ftags&post=22991"}],"curies":[{"name":"wp","href":"https:\/\/api.w.org\/{rel}","templated":true}]}}