{"id":22984,"date":"2025-03-28T17:56:38","date_gmt":"2025-03-28T17:56:38","guid":{"rendered":"https:\/\/new.findnews5.com\/?p=22984"},"modified":"2025-03-28T17:56:39","modified_gmt":"2025-03-28T17:56:39","slug":"22984","status":"publish","type":"post","link":"https:\/\/new.findnews5.com\/?p=22984","title":{"rendered":""},"content":{"rendered":"<div class=\"78954ae5fa42b68c1393fe3da4998882\" data-index=\"1\" style=\"float: none; margin:0px 0 0px 0; text-align:center;\">\n<div data-type=\"_mgwidget\" data-widget-id=\"1576712\">\r\n<\/div>\r\n<script>(function(w,q){w[q]=w[q]||[];w[q].push([\"_mgc.load\"])})(window,\"_mgq\");\r\n<\/script>\r\n\n<\/div>\n\n<p><strong>Nj\u00eb ngjarje tragjike ka ndodhur pasditen e sotme n\u00eb fshatin Stanovc t\u00eb Vushtrris\u00eb. Nj\u00eb burr\u00eb dhe nj\u00eb grua jan\u00eb gjetur pa shenja jete. Autoritete e vendit kan\u00eb konfirmuar se nj\u00eb grua e mosh\u00ebs 42 vje\u00e7e \u00ebsht\u00eb vrar\u00eb me arm\u00eb zjarri nga nj\u00eb burr\u00eb i mosh\u00ebs 58 vje\u00e7e. M\u00eb pas, i dyshuari p\u00ebr vrasjen e gruas ka kryer vet\u00ebvrasje.<\/strong><\/p>\n\n\n\n<p>Rreth or\u00ebs 15:00, tek n\u00ebnkalimi i fshatit Stanoc n\u00eb Vushtrri, autoritete kan\u00eb identifikuar dy trupa t\u00eb pajet\u00eb.<\/p>\n\n\n\n<p>Gazeta ka m\u00ebsuar ekskluzivisht se gruaja e vrar\u00eb \u00ebsht\u00eb 42 vje\u00e7arja,&nbsp;<strong>Nexhmie Musliu Haradini<\/strong>.<\/p>\n\n\n\n<p>Ajo \u00ebsht\u00eb vrar\u00eb me arm\u00eb zjarri nga&nbsp;<strong>Arsim Morina<\/strong>, cili m\u00eb pas vrau veten. Ai \u00ebsht\u00eb pronari i furr\u00ebs \u201cDiellza\u201d ku kishte punuar m\u00eb her\u00ebt gruaja e vrar\u00eb. Dy viktimat nuk kan\u00eb asnj\u00eb lidhje familjare p\u00ebrve\u00e7 faktit se e ndjera ka qen\u00eb pun\u00ebtore n\u00eb furr\u00ebn \u201cDiellza\u201d.<\/p>\n\n\n\n<p>Ajo ka qen\u00eb e martuar dhe ka l\u00ebn\u00eb pas vet\u00ebs tre f\u00ebmij\u00eb. Dy vajza dhe nj\u00eb djal\u00eb. Djali \u00ebsht\u00eb i mosh\u00ebs 18 vje\u00e7are nd\u00ebrsa dy vajzat e mitura.<\/p>\n\n\n\n<figure class=\"wp-block-image\"><a href=\"https:\/\/dtvmedia.tv\/wp-content\/uploads\/2025\/03\/453616964_1545372063055795_2651498764272077285_n.jpg\"><img decoding=\"async\" src=\"https:\/\/dtvmedia.tv\/wp-content\/uploads\/2025\/03\/453616964_1545372063055795_2651498764272077285_n-298x300.jpg\" alt=\"\" class=\"wp-image-16506\"\/><\/a><\/figure>\n\n\n\n<p>Sipas, te dh\u00ebnave n\u00eb Facebook, e nderja ka l\u00ebn\u00eb gjurm\u00eb se ka qen\u00eb pun\u00ebtore e furr\u00ebs \u201cDiellza\u201d<\/p>\n\n\n\n<p>Ajo kishte shp\u00ebrndar\u00eb sukseset e furr\u00ebs n\u00eb vitin 2019.<\/p>\n\n\n\n<h2 class=\"wp-block-heading\"><strong>Motivet e krimit<\/strong><\/h2>\n\n\n\n<p>Familjar\u00ebt e viktim\u00ebs tregojn\u00eb se e ndjera se ka qen\u00eb pun\u00ebtore n\u00eb furr\u00eb. Por e ka l\u00ebn\u00eb pun\u00ebn.<\/p>\n\n\n\n<p>Sipas familjarit, dyshimet e para jo zyrtare mund te jen\u00eb p\u00ebr shkaqe xhelozie. Ai tha se e ndjera ka l\u00ebn\u00eb pun\u00ebn dhe p\u00ebr k\u00ebt\u00eb arsye pronari i furr\u00ebs mund ta ket\u00eb kryere vrasjen.<\/p>\n\n\n\n<p>\u201cDyshohet se shkaku kryesor t\u00eb jet\u00eb xhelozia se pse ka shkuar n\u00eb nj\u00eb vend tjet\u00ebr pune dhe e ka l\u00ebn\u00eb tek un\u00eb\u201d, deklaroi Rrahim Ajeti para gazetar\u00ebve.<\/p>\n\n\n\n<figure class=\"wp-block-image\"><a href=\"https:\/\/dtvmedia.tv\/wp-content\/uploads\/2025\/03\/image-28-5.jpg\"><img decoding=\"async\" src=\"https:\/\/dtvmedia.tv\/wp-content\/uploads\/2025\/03\/image-28-5-211x300.jpg\" alt=\"\" class=\"wp-image-16504\"\/><\/a><\/figure>\n\n<div style=\"font-size: 0px; height: 0px; line-height: 0px; margin: 0; padding: 0; clear: both;\"><\/div>","protected":false},"excerpt":{"rendered":"<p>Nj\u00eb ngjarje tragjike ka ndodhur pasditen e sotme n\u00eb fshatin Stanovc t\u00eb Vushtrris\u00eb. Nj\u00eb burr\u00eb dhe nj\u00eb grua jan\u00eb gjetur pa shenja jete. Autoritete e vendit kan\u00eb&#8230; <\/p>\n","protected":false},"author":1,"featured_media":0,"comment_status":"open","ping_status":"open","sticky":false,"template":"","format":"standard","meta":{"footnotes":""},"categories":[6],"tags":[],"class_list":["post-22984","post","type-post","status-publish","format-standard","hentry","category-lajme"],"_links":{"self":[{"href":"https:\/\/new.findnews5.com\/index.php?rest_route=\/wp\/v2\/posts\/22984","targetHints":{"allow":["GET"]}}],"collection":[{"href":"https:\/\/new.findnews5.com\/index.php?rest_route=\/wp\/v2\/posts"}],"about":[{"href":"https:\/\/new.findnews5.com\/index.php?rest_route=\/wp\/v2\/types\/post"}],"author":[{"embeddable":true,"href":"https:\/\/new.findnews5.com\/index.php?rest_route=\/wp\/v2\/users\/1"}],"replies":[{"embeddable":true,"href":"https:\/\/new.findnews5.com\/index.php?rest_route=%2Fwp%2Fv2%2Fcomments&post=22984"}],"version-history":[{"count":1,"href":"https:\/\/new.findnews5.com\/index.php?rest_route=\/wp\/v2\/posts\/22984\/revisions"}],"predecessor-version":[{"id":22985,"href":"https:\/\/new.findnews5.com\/index.php?rest_route=\/wp\/v2\/posts\/22984\/revisions\/22985"}],"wp:attachment":[{"href":"https:\/\/new.findnews5.com\/index.php?rest_route=%2Fwp%2Fv2%2Fmedia&parent=22984"}],"wp:term":[{"taxonomy":"category","embeddable":true,"href":"https:\/\/new.findnews5.com\/index.php?rest_route=%2Fwp%2Fv2%2Fcategories&post=22984"},{"taxonomy":"post_tag","embeddable":true,"href":"https:\/\/new.findnews5.com\/index.php?rest_route=%2Fwp%2Fv2%2Ftags&post=22984"}],"curies":[{"name":"wp","href":"https:\/\/api.w.org\/{rel}","templated":true}]}}