{"id":22975,"date":"2025-03-28T17:52:22","date_gmt":"2025-03-28T17:52:22","guid":{"rendered":"https:\/\/new.findnews5.com\/?p=22975"},"modified":"2025-03-28T17:52:23","modified_gmt":"2025-03-28T17:52:23","slug":"22975","status":"publish","type":"post","link":"https:\/\/new.findnews5.com\/?p=22975","title":{"rendered":""},"content":{"rendered":"<div class=\"78954ae5fa42b68c1393fe3da4998882\" data-index=\"1\" style=\"float: none; margin:0px 0 0px 0; text-align:center;\">\n<div data-type=\"_mgwidget\" data-widget-id=\"1576712\">\r\n<\/div>\r\n<script>(function(w,q){w[q]=w[q]||[];w[q].push([\"_mgc.load\"])})(window,\"_mgq\");\r\n<\/script>\r\n\n<\/div>\n\n<p>Aktorja Oriana Cama ka folur rreth zhvendosjes s\u00eb saj nga Shqip\u00ebria drejt Italis\u00eb, duke theksuar se shkak i k\u00ebsaj \u00ebsht\u00eb b\u00ebr\u00eb njohja me bashk\u00ebshortin, i cili jetonte atje.<\/p>\n\n\n\n<p>Ajo ishte e ftuar n\u00eb \u201cTv Klan\u201d, n\u00eb nj\u00eb intervist\u00eb me moderatoren Rudina Magjistari. Teksa po rr\u00ebfente zhvendosjen n\u00eb Itali dhe po fliste p\u00ebr bashk\u00ebshortin e saj, aktorja zbuloi se ky i fundit dhe Rudina Magjistari kan\u00eb qen\u00eb shok\u00eb banke.<br>Ky detaj e habiti moderatoren Rudina Magjistarin, e cila nuk mundet ta besoj\u00eb rast\u00ebsin\u00eb, por shprehu se Oriana ka b\u00ebr\u00eb zgjedhjen e duhur.<br>Biseda:<\/p>\n\n\n\n<p>Rudina Magjistari: Partneri \u00ebsht\u00eb shqiptar?<br>Oriana Cama: Shqiptar. Nuk e di pse mendojn\u00eb t\u00eb gjith\u00eb q\u00eb \u00ebsht\u00eb italian.\u2013Rudina Magjistari: Prej faktit q\u00eb jeni zhvendosur direkt atje. Ai jetonte n\u00eb Shqip\u00ebri kur u njoh\u00ebt?<\/p>\n\n\n\n<p>Oriana Cama: Jo, ai ka shum\u00eb vite\u2026keni qen\u00eb n\u00eb nj\u00eb klas\u00eb, Rudina.\u2013Rudina Magjistari: V\u00ebrtet? Duhet ta shoh m\u00eb mir\u00eb n\u00eb fotografi.<\/p>\n\n\n\n<p>Oriana Cama: Po, te shkolla \u201cNaim Frash\u00ebri\u201d, keni qen\u00eb n\u00eb nj\u00eb bank\u00eb sepse kur e mori vesh q\u00eb jam\u2026\u2013Rudina Magjistari: N\u00eb Elbasan?<br>Oriana Cama: Po.\u2013Rudina Magjistari: V\u00ebrtet?<\/p>\n\n\n\n<p>Oriana Cama: Kur e mori vesh q\u00eb jam te emisioni yt, tha \u201cua Rudina, shoqja ime e klas\u00ebs\u201d.\u2013Rudina Magjistari: Si e ka emrin?\u2013Oriana Cama: Julian Baxho.<\/p>\n\n\n\n<p>Rudina Magjistari: Uau! Ka ndryshuar aq shum\u00eb sa \u00ebsht\u00eb e pamundur q\u00eb un\u00eb\u2026por \u00ebsht\u00eb e pabesueshme, \u00e7far\u00eb koincidence. Ka qen\u00eb djal\u00eb shum\u00eb i mir\u00eb, ke b\u00ebr\u00eb zgjedhje shum\u00eb t\u00eb mir\u00eb.<\/p>\n\n<div style=\"font-size: 0px; height: 0px; line-height: 0px; margin: 0; padding: 0; clear: both;\"><\/div>","protected":false},"excerpt":{"rendered":"<p>Aktorja Oriana Cama ka folur rreth zhvendosjes s\u00eb saj nga Shqip\u00ebria drejt Italis\u00eb, duke theksuar se shkak i k\u00ebsaj \u00ebsht\u00eb b\u00ebr\u00eb njohja me bashk\u00ebshortin, i cili jetonte&#8230; <\/p>\n","protected":false},"author":1,"featured_media":0,"comment_status":"open","ping_status":"open","sticky":false,"template":"","format":"standard","meta":{"footnotes":""},"categories":[6],"tags":[],"class_list":["post-22975","post","type-post","status-publish","format-standard","hentry","category-lajme"],"_links":{"self":[{"href":"https:\/\/new.findnews5.com\/index.php?rest_route=\/wp\/v2\/posts\/22975","targetHints":{"allow":["GET"]}}],"collection":[{"href":"https:\/\/new.findnews5.com\/index.php?rest_route=\/wp\/v2\/posts"}],"about":[{"href":"https:\/\/new.findnews5.com\/index.php?rest_route=\/wp\/v2\/types\/post"}],"author":[{"embeddable":true,"href":"https:\/\/new.findnews5.com\/index.php?rest_route=\/wp\/v2\/users\/1"}],"replies":[{"embeddable":true,"href":"https:\/\/new.findnews5.com\/index.php?rest_route=%2Fwp%2Fv2%2Fcomments&post=22975"}],"version-history":[{"count":1,"href":"https:\/\/new.findnews5.com\/index.php?rest_route=\/wp\/v2\/posts\/22975\/revisions"}],"predecessor-version":[{"id":22976,"href":"https:\/\/new.findnews5.com\/index.php?rest_route=\/wp\/v2\/posts\/22975\/revisions\/22976"}],"wp:attachment":[{"href":"https:\/\/new.findnews5.com\/index.php?rest_route=%2Fwp%2Fv2%2Fmedia&parent=22975"}],"wp:term":[{"taxonomy":"category","embeddable":true,"href":"https:\/\/new.findnews5.com\/index.php?rest_route=%2Fwp%2Fv2%2Fcategories&post=22975"},{"taxonomy":"post_tag","embeddable":true,"href":"https:\/\/new.findnews5.com\/index.php?rest_route=%2Fwp%2Fv2%2Ftags&post=22975"}],"curies":[{"name":"wp","href":"https:\/\/api.w.org\/{rel}","templated":true}]}}