{"id":22970,"date":"2025-03-28T17:50:28","date_gmt":"2025-03-28T17:50:28","guid":{"rendered":"https:\/\/new.findnews5.com\/?p=22970"},"modified":"2025-03-28T17:50:29","modified_gmt":"2025-03-28T17:50:29","slug":"22970","status":"publish","type":"post","link":"https:\/\/new.findnews5.com\/?p=22970","title":{"rendered":""},"content":{"rendered":"<div class=\"78954ae5fa42b68c1393fe3da4998882\" data-index=\"1\" style=\"float: none; margin:0px 0 0px 0; text-align:center;\">\n<div data-type=\"_mgwidget\" data-widget-id=\"1576712\">\r\n<\/div>\r\n<script>(function(w,q){w[q]=w[q]||[];w[q].push([\"_mgc.load\"])})(window,\"_mgq\");\r\n<\/script>\r\n\n<\/div>\n<p>Richard D. Parsons, nj\u00eb ekzekutiv bankar p\u00ebr nj\u00eb koh\u00eb t\u00eb gjat\u00eb, i cili mori drejtimin e Time \u00cbarner gjat\u00eb nj\u00eb kohe t\u00eb trazuar p\u00ebr kompanin\u00eb e komunikimit dhe q\u00eb ndihmoi Citigroup t\u00eb lundronte n\u00eb kriz\u00ebn financiare, vdiq t\u00eb enjten n\u00eb mosh\u00ebn 76-vje\u00e7are.<\/p>\n<p>Nj\u00eb biznesmen i shquar me ngjyr\u00eb, Parsons gjithashtu ndihmoi Clippers t\u00eb NBA-s\u00eb t\u00eb lundronte nj\u00eb skandal mbi racizmin.<\/p>\n<p>Parsons u vler\u00ebsua gjer\u00ebsisht me kthes\u00ebn e Time \u00cbarner pas bashkimit t\u00eb d\u00ebshtuar prej 165 miliard\u00eb dollar\u00ebsh me AOL, raportoi CNN. Me Parsons si CEO, Time \u00cbarner uli borxhin e saj p\u00ebraf\u00ebrsisht p\u00ebrgjysm\u00eb, nd\u00ebrsa filloi nj\u00eb epok\u00eb t\u00eb re t\u00eb rritjes s\u00eb q\u00ebndrueshme.<\/p>\n<p>Ne\u00eb York Times tha se shkaku i vdekjes ishte kanceri, duke p\u00ebrmendur Ronald Lauder, nj\u00eb mik i vjet\u00ebr i Parsons dhe kryetar i bordit t\u00eb Estee Lauder. Parsons, i lindur n\u00eb Brooklyn, Nju Jork, kishte sh\u00ebrbyer gjithashtu n\u00eb bordin e Estee Lauder, si dhe n\u00eb bordin e firm\u00ebs s\u00eb menaxhimit t\u00eb aseteve Lazard.<\/p>\n<p>Ai \u201cishte m\u00eb shum\u00eb se nj\u00eb lider ikon\u00eb n\u00eb historin\u00eb e Lazard \u2013 ai ishte nj\u00eb d\u00ebshmi sesi men\u00e7uria, ngroht\u00ebsia dhe gjykimi i pal\u00ebkundur mund t\u00eb form\u00ebsonin jo vet\u00ebm kompanit\u00eb, por jet\u00ebn e njer\u00ebzve\u201d, tha Lazard n\u00eb nj\u00eb deklarat\u00eb n\u00eb faqen e saj t\u00eb internetit.<\/p>\n<p>\u201cKur Citigroup u p\u00ebrball me or\u00ebn e tij m\u00eb t\u00eb err\u00ebt gjat\u00eb kriz\u00ebs financiare, ai doli p\u00ebrpara si Kryetar pavar\u00ebsisht sfidave t\u00eb m\u00ebdha p\u00ebrpara, duke th\u00ebn\u00eb thjesht, \u2018Nuk mund t\u2019i braktis\u00ebsh trupat e tua kur situata b\u00ebhet e v\u00ebshtir\u00eb\u2019, tha Lazard.<\/p>\n<p>Citigroup, n\u00eb nj\u00eb deklarat\u00eb, tha: \u201cDick zbatoi aft\u00ebsit\u00eb e tij legjendare t\u00eb lidershipit gjat\u00eb nj\u00eb kohe tep\u00ebr sfiduese p\u00ebr kompanin\u00eb ton\u00eb, duke e l\u00ebn\u00eb Citi m\u00eb mir\u00eb se sa e gjeti.\u201d<\/p>\n<p>N\u00eb vitin 2014, kur NBA ndaloi p\u00ebrgjithmon\u00eb pronarin e Los Angeles Clippers, Donald Sterling p\u00ebr komente raciste, liga e basketbollit vendosi Parsons si shefin ekzekutiv t\u00eb p\u00ebrkohsh\u00ebm t\u00eb Clippers.<\/p>\n<p>\u201cN\u00eb nj\u00eb koh\u00eb v\u00ebshtir\u00ebsish dhe pasigurie p\u00ebr Los Angeles Clippers, Dick nd\u00ebrhyri p\u00ebr t\u00eb ofruar llojin e lidershipit t\u00eb q\u00ebndruesh\u00ebm dhe qet\u00ebsues q\u00eb p\u00ebrcaktoi karrier\u00ebn e tij t\u00eb jasht\u00ebzakonshme n\u00eb biznes dhe sh\u00ebrbim publik\u201d, tha n\u00eb nj\u00eb deklarat\u00eb t\u00eb enjten komisioneri i NBA, Adam Silver.<\/p>\n<p>The Times vuri n\u00eb dukje se Parsons ishte shpesh i vetmi ekzekutiv me ngjyr\u00eb n\u00eb nj\u00eb sall\u00eb bordi dhe foli p\u00ebr \u00e7\u00ebshtje sociale, p\u00ebrfshir\u00eb pas vdekjes s\u00eb George Floyd n\u00eb 2020.<\/p>\n\n<div style=\"font-size: 0px; height: 0px; line-height: 0px; margin: 0; padding: 0; clear: both;\"><\/div>","protected":false},"excerpt":{"rendered":"<p>Richard D. Parsons, nj\u00eb ekzekutiv bankar p\u00ebr nj\u00eb koh\u00eb t\u00eb gjat\u00eb, i cili mori drejtimin e Time \u00cbarner gjat\u00eb nj\u00eb kohe t\u00eb trazuar p\u00ebr kompanin\u00eb e komunikimit&#8230; <\/p>\n","protected":false},"author":1,"featured_media":0,"comment_status":"open","ping_status":"open","sticky":false,"template":"","format":"standard","meta":{"footnotes":""},"categories":[6],"tags":[],"class_list":["post-22970","post","type-post","status-publish","format-standard","hentry","category-lajme"],"_links":{"self":[{"href":"https:\/\/new.findnews5.com\/index.php?rest_route=\/wp\/v2\/posts\/22970","targetHints":{"allow":["GET"]}}],"collection":[{"href":"https:\/\/new.findnews5.com\/index.php?rest_route=\/wp\/v2\/posts"}],"about":[{"href":"https:\/\/new.findnews5.com\/index.php?rest_route=\/wp\/v2\/types\/post"}],"author":[{"embeddable":true,"href":"https:\/\/new.findnews5.com\/index.php?rest_route=\/wp\/v2\/users\/1"}],"replies":[{"embeddable":true,"href":"https:\/\/new.findnews5.com\/index.php?rest_route=%2Fwp%2Fv2%2Fcomments&post=22970"}],"version-history":[{"count":1,"href":"https:\/\/new.findnews5.com\/index.php?rest_route=\/wp\/v2\/posts\/22970\/revisions"}],"predecessor-version":[{"id":22971,"href":"https:\/\/new.findnews5.com\/index.php?rest_route=\/wp\/v2\/posts\/22970\/revisions\/22971"}],"wp:attachment":[{"href":"https:\/\/new.findnews5.com\/index.php?rest_route=%2Fwp%2Fv2%2Fmedia&parent=22970"}],"wp:term":[{"taxonomy":"category","embeddable":true,"href":"https:\/\/new.findnews5.com\/index.php?rest_route=%2Fwp%2Fv2%2Fcategories&post=22970"},{"taxonomy":"post_tag","embeddable":true,"href":"https:\/\/new.findnews5.com\/index.php?rest_route=%2Fwp%2Fv2%2Ftags&post=22970"}],"curies":[{"name":"wp","href":"https:\/\/api.w.org\/{rel}","templated":true}]}}