{"id":2295,"date":"2023-08-03T13:42:23","date_gmt":"2023-08-03T13:42:23","guid":{"rendered":"https:\/\/new.findnews5.com\/?p=2295"},"modified":"2023-08-03T13:42:24","modified_gmt":"2023-08-03T13:42:24","slug":"po-germojne-butrintin-qe-te-sajojne-plazhe-per-turistin-e-deshtuar-masiv-qe-vjen-per-alkool-te-lire-ksamili-nje-fshat-betoni","status":"publish","type":"post","link":"https:\/\/new.findnews5.com\/?p=2295","title":{"rendered":"Po g\u00ebrmojn\u00eb Butrintin q\u00eb t\u00eb sajojn\u00eb plazhe p\u00ebr turistin e d\u00ebshtuar masiv q\u00eb vjen p\u00ebr\u2026 alkool t\u00eb lir\u00eb\u201d! \u2013 Ksamili, nj\u00eb fshat betoni."},"content":{"rendered":"<div class=\"78954ae5fa42b68c1393fe3da4998882\" data-index=\"1\" style=\"float: none; margin:0px 0 0px 0; text-align:center;\">\n<div data-type=\"_mgwidget\" data-widget-id=\"1576712\">\r\n<\/div>\r\n<script>(function(w,q){w[q]=w[q]||[];w[q].push([\"_mgc.load\"])})(window,\"_mgq\");\r\n<\/script>\r\n\n<\/div>\n<p>Historiani dhe publicisti Auron Tare ka reaguar me nj\u00eb shkrim ndaj \u2018buj\u00ebs\u2019 s\u00eb krijuar nga mediat nd\u00ebrkomb\u00ebtare n\u00eb lidhje me turizmin n\u00eb vendin ton\u00eb.<\/p>\n<p>Tare, i cili m\u00eb her\u00ebt ka drejtuar Parkun Butrinti dhe Agjencin\u00eb e Bregdetit e sheh nga nj\u00eb tjet\u00ebr perspektiv\u00eb, jo dhe aq optimiste, bumin e turizmit masiv n\u00eb vendin ton\u00eb.<\/p>\n<p>Postimi i plot\u00eb:<\/p>\n<p>\u201cMaldivet e Europ\u00ebs\u201d, si po inkurajojn\u00eb mediat nd\u00ebrkomb\u00ebtare (me zhvilluesit shqiptar\u00eb) shkat\u00ebrrimin e vij\u00ebs bregdetare shqiptare.<\/p>\n<p>Nj\u00eb s\u00ebr\u00eb artikujsh (ndoshta t\u00eb sponsorizuar) n\u00eb mediat nd\u00ebrkomb\u00ebtare p\u00ebr turizmin shqiptar kan\u00eb krijuar buj\u00eb dhe inkurajojn\u00eb nj\u00eb num\u00ebr t\u00eb madh vizitor\u00ebsh p\u00ebr t\u00eb zbuluar vendin.<\/p>\n<p>Premtimi p\u00ebr pushime t\u00eb lira s\u00eb bashku me festivalin e plazhit po synojn\u00eb turma t\u00eb m\u00ebdha t\u00eb rinjsh q\u00eb k\u00ebrkojn\u00eb destinacionin tjet\u00ebr t\u00eb lir\u00eb n\u00eb Evrop\u00eb.<\/p>\n<p>Edhe pse rritja e numrit t\u00eb vizitor\u00ebve duket nj\u00eb zhvillim pozitiv dhe zyrtar\u00ebt parakalojn\u00eb me krenari numrin e t\u00eb ardhurve \u00e7do muaj, askush nuk po flet p\u00ebr ndikimin negativ afatgjat\u00eb t\u00eb t\u00ebrheqjes s\u00eb nj\u00eb turizmi masiv n\u00eb vend.<\/p>\n<p>Shifrat e larta t\u00eb papritura tregojn\u00eb se sa e pap\u00ebrgatitur \u00ebsht\u00eb industria e turizmit n\u00eb Shqip\u00ebri dhe se si infrastruktura nuk mund t\u2019i mbaj\u00eb k\u00ebto shifra.<\/p>\n<p>Fatkeq\u00ebsisht, shum\u00eb pak z\u00ebra po trajtojn\u00eb faktin se vendi po shkon drejt tregut masiv t\u00eb lir\u00eb, duke t\u00ebrhequr turist\u00eb t\u00eb interesuar kryesisht p\u00ebr alkool t\u00eb lir\u00eb dhe dhoma t\u00eb lira. Nj\u00eb strategji q\u00eb ka d\u00ebshtuar n\u00eb shumic\u00ebn e vendeve mesdhetare shum\u00eb koh\u00eb m\u00eb par\u00eb.<\/p>\n<p>Rritja e turizmit n\u00eb disa qytete bregdetare ka treguar nj\u00eb fiasko t\u00eb plot\u00eb t\u00eb infrastruktur\u00ebs mb\u00ebshtet\u00ebse, parkingjeve, grumbullimeve t\u00eb plehrave, ushqimeve t\u00eb kultivuara, etj.<\/p>\n<p>Megjithat\u00eb, ajo q\u00eb p\u00ebrb\u00ebn nj\u00eb problem afatgjat\u00eb p\u00ebr vendin \u00ebsht\u00eb shpejt\u00ebsia e shkat\u00ebrrimit t\u00eb vij\u00ebs bregdetare dhe peizazheve natyrore n\u00eb favor t\u00eb k\u00ebtyre zhvillimeve masive. Ky proces vret pik\u00ebrisht arsyen pse nj\u00eb udh\u00ebtar i arsimuar do t\u00eb donte t\u00eb shkonte n\u00eb Shqip\u00ebri.<\/p>\n<p>\u00cbsht\u00eb \u00e7udi q\u00eb turisti q\u00eb po t\u00ebrheq vendi do t\u00eb preferonte t\u00eb q\u00ebndronte n\u00eb at\u00eb q\u00eb mediat nd\u00ebrkomb\u00ebtare po e quajn\u00eb tani \u201cMaldivet e Evrop\u00ebs\u201d, n\u00eb Ksamil (nj\u00eb fshat me nj\u00eb xhung\u00ebl betoni dhe plazhe t\u00eb panatyrshme) gjat\u00eb nj\u00eb ekskursioni n\u00eb Vendin e Trash\u00ebgimis\u00eb Bot\u00ebrore t\u00eb UNESCO-s t\u00eb Butrintit vet\u00ebm pak km nga \u201cMaldivet\u201d.<\/p>\n<p>Presioni i numrit t\u00eb vizitor\u00ebve n\u00eb \u201cMaldivet Shqiptare\u201d ka nxitur zhvilluesit vendas t\u00eb hyjn\u00eb n\u00eb zon\u00ebn e mbrojtur t\u00eb Trash\u00ebgimis\u00eb Bot\u00ebrore t\u00eb UNESCO-s t\u00eb Butrintit dhe t\u00eb krijojn\u00eb plazhe artificiale duke g\u00ebrmuar vij\u00ebn bregdetare t\u00eb mbrojtur, n\u00eb favor t\u00eb turizmit masiv.<\/p>\n\n<div style=\"font-size: 0px; height: 0px; line-height: 0px; margin: 0; padding: 0; clear: both;\"><\/div>","protected":false},"excerpt":{"rendered":"<p>Historiani dhe publicisti Auron Tare ka reaguar me nj\u00eb shkrim ndaj \u2018buj\u00ebs\u2019 s\u00eb krijuar nga mediat nd\u00ebrkomb\u00ebtare n\u00eb lidhje me turizmin n\u00eb vendin ton\u00eb. Tare, i cili&#8230; <\/p>\n","protected":false},"author":1,"featured_media":2296,"comment_status":"open","ping_status":"open","sticky":false,"template":"","format":"standard","meta":{"footnotes":""},"categories":[1],"tags":[],"class_list":["post-2295","post","type-post","status-publish","format-standard","has-post-thumbnail","hentry","category-uncategorized"],"_links":{"self":[{"href":"https:\/\/new.findnews5.com\/index.php?rest_route=\/wp\/v2\/posts\/2295","targetHints":{"allow":["GET"]}}],"collection":[{"href":"https:\/\/new.findnews5.com\/index.php?rest_route=\/wp\/v2\/posts"}],"about":[{"href":"https:\/\/new.findnews5.com\/index.php?rest_route=\/wp\/v2\/types\/post"}],"author":[{"embeddable":true,"href":"https:\/\/new.findnews5.com\/index.php?rest_route=\/wp\/v2\/users\/1"}],"replies":[{"embeddable":true,"href":"https:\/\/new.findnews5.com\/index.php?rest_route=%2Fwp%2Fv2%2Fcomments&post=2295"}],"version-history":[{"count":0,"href":"https:\/\/new.findnews5.com\/index.php?rest_route=\/wp\/v2\/posts\/2295\/revisions"}],"wp:featuredmedia":[{"embeddable":true,"href":"https:\/\/new.findnews5.com\/index.php?rest_route=\/wp\/v2\/media\/2296"}],"wp:attachment":[{"href":"https:\/\/new.findnews5.com\/index.php?rest_route=%2Fwp%2Fv2%2Fmedia&parent=2295"}],"wp:term":[{"taxonomy":"category","embeddable":true,"href":"https:\/\/new.findnews5.com\/index.php?rest_route=%2Fwp%2Fv2%2Fcategories&post=2295"},{"taxonomy":"post_tag","embeddable":true,"href":"https:\/\/new.findnews5.com\/index.php?rest_route=%2Fwp%2Fv2%2Ftags&post=2295"}],"curies":[{"name":"wp","href":"https:\/\/api.w.org\/{rel}","templated":true}]}}