{"id":22931,"date":"2025-03-28T02:04:50","date_gmt":"2025-03-28T02:04:50","guid":{"rendered":"https:\/\/new.findnews5.com\/?p=22931"},"modified":"2025-03-28T02:04:52","modified_gmt":"2025-03-28T02:04:52","slug":"22931","status":"publish","type":"post","link":"https:\/\/new.findnews5.com\/?p=22931","title":{"rendered":""},"content":{"rendered":"<div class=\"78954ae5fa42b68c1393fe3da4998882\" data-index=\"1\" style=\"float: none; margin:0px 0 0px 0; text-align:center;\">\n<div data-type=\"_mgwidget\" data-widget-id=\"1576712\">\r\n<\/div>\r\n<script>(function(w,q){w[q]=w[q]||[];w[q].push([\"_mgc.load\"])})(window,\"_mgq\");\r\n<\/script>\r\n\n<\/div>\n\n<p>Gerta Gixhari \u00ebsht\u00eb shfaqur n\u00eb nj\u00eb gjendje shum\u00eb t\u00eb r\u00ebnduar emocionale dit\u00ebn e sotme.<\/p>\n\n\n\n<p>Q\u00eb n\u00eb momentin q\u00eb po shijonte muzik\u00ebn buz\u00eb pishin\u00ebs, banorja u p\u00ebrlot nga malli q\u00eb kishte p\u00ebr dy djemt\u00eb e saj.<\/p>\n\n\n\n<p>Ishte Loredana ajo q\u00eb e p\u00ebrqafoi dhe e ngush\u00eblloi, por pa sukses.<\/p>\n\n\n\n<p>Para pak minutash ajo ka thyer nj\u00eb kuti emergjence, me shpres\u00ebn se do t\u2019i mund\u00ebsohej nj\u00eb telefonat\u00eb, por kur pa zarfin, n\u00eb t\u00eb shkruhej: \u201cTelefonat\u00ebn nuk mund ta p\u00ebrfitosh ti, por jepja dikujt tjet\u00ebr\u201d.<\/p>\n\n\n\n<p>Menj\u00ebher\u00eb Rozana ka reaguar duke i th\u00ebn\u00eb: \u201cZgjidh dik\u00eb nga ne, sepse do t\u00eb ta delegojm\u00eb ty telefonat\u00ebn\u201d.<\/p>\n\n\n\n<p>N\u00eb fund, Gerta vendosi t\u2019ia jap\u00eb telefonat\u00ebn Aldos.<\/p>\n\n\n\n<p>https:\/\/www.instagram.com\/reel\/DHtHxIeMM8W\/embed\/captioned\/?cr=1&#038;v=14&#038;wp=810&#038;rd=https%3A%2F%2Fsot.com.al&#038;rp=%2Fgossip%2Fne-gjendje-te-rende-gerta-thyen-kutine-e-emergjences-ja-cfare-shkruan-zarfi-video%2F#%7B%22ci%22%3A0%2C%22os%22%3A807.7000000476837%2C%22ls%22%3A230.59999990463257%2C%22le%22%3A801.7000000476837%7D<\/p>\n\n<div style=\"font-size: 0px; height: 0px; line-height: 0px; margin: 0; padding: 0; clear: both;\"><\/div>","protected":false},"excerpt":{"rendered":"<p>Gerta Gixhari \u00ebsht\u00eb shfaqur n\u00eb nj\u00eb gjendje shum\u00eb t\u00eb r\u00ebnduar emocionale dit\u00ebn e sotme. Q\u00eb n\u00eb momentin q\u00eb po shijonte muzik\u00ebn buz\u00eb pishin\u00ebs, banorja u p\u00ebrlot nga&#8230; <\/p>\n","protected":false},"author":1,"featured_media":0,"comment_status":"open","ping_status":"open","sticky":false,"template":"","format":"standard","meta":{"footnotes":""},"categories":[6],"tags":[],"class_list":["post-22931","post","type-post","status-publish","format-standard","hentry","category-lajme"],"_links":{"self":[{"href":"https:\/\/new.findnews5.com\/index.php?rest_route=\/wp\/v2\/posts\/22931","targetHints":{"allow":["GET"]}}],"collection":[{"href":"https:\/\/new.findnews5.com\/index.php?rest_route=\/wp\/v2\/posts"}],"about":[{"href":"https:\/\/new.findnews5.com\/index.php?rest_route=\/wp\/v2\/types\/post"}],"author":[{"embeddable":true,"href":"https:\/\/new.findnews5.com\/index.php?rest_route=\/wp\/v2\/users\/1"}],"replies":[{"embeddable":true,"href":"https:\/\/new.findnews5.com\/index.php?rest_route=%2Fwp%2Fv2%2Fcomments&post=22931"}],"version-history":[{"count":1,"href":"https:\/\/new.findnews5.com\/index.php?rest_route=\/wp\/v2\/posts\/22931\/revisions"}],"predecessor-version":[{"id":22932,"href":"https:\/\/new.findnews5.com\/index.php?rest_route=\/wp\/v2\/posts\/22931\/revisions\/22932"}],"wp:attachment":[{"href":"https:\/\/new.findnews5.com\/index.php?rest_route=%2Fwp%2Fv2%2Fmedia&parent=22931"}],"wp:term":[{"taxonomy":"category","embeddable":true,"href":"https:\/\/new.findnews5.com\/index.php?rest_route=%2Fwp%2Fv2%2Fcategories&post=22931"},{"taxonomy":"post_tag","embeddable":true,"href":"https:\/\/new.findnews5.com\/index.php?rest_route=%2Fwp%2Fv2%2Ftags&post=22931"}],"curies":[{"name":"wp","href":"https:\/\/api.w.org\/{rel}","templated":true}]}}