{"id":22922,"date":"2025-03-28T01:54:43","date_gmt":"2025-03-28T01:54:43","guid":{"rendered":"https:\/\/new.findnews5.com\/?p=22922"},"modified":"2025-03-28T01:54:45","modified_gmt":"2025-03-28T01:54:45","slug":"22922","status":"publish","type":"post","link":"https:\/\/new.findnews5.com\/?p=22922","title":{"rendered":""},"content":{"rendered":"<div class=\"78954ae5fa42b68c1393fe3da4998882\" data-index=\"1\" style=\"float: none; margin:0px 0 0px 0; text-align:center;\">\n<div data-type=\"_mgwidget\" data-widget-id=\"1576712\">\r\n<\/div>\r\n<script>(function(w,q){w[q]=w[q]||[];w[q].push([\"_mgc.load\"])})(window,\"_mgq\");\r\n<\/script>\r\n\n<\/div>\n\n<p>M\u00ebngjesi i sot\u00ebm ka nisur me reshje shiu e rrebeshe, por nga nes\u00ebr do t\u00eb ket\u00eb m\u00eb pak reshje. Parashikimi u dha n\u00eb Dita Jon\u00eb nga meteorologia Tanja Porja. Sipas saj rrebeshet jan\u00eb kryesisht n\u00eb zonat jugore dhe jugper\u00ebndimore gjat\u00eb pjes\u00ebs s\u00eb par\u00eb t\u00eb dit\u00ebs.<\/p>\n\n\n\n<p>\u201cGjat\u00eb nat\u00ebs n\u00eb or\u00ebt e para t\u00eb m\u00ebngjesit rrebeshet m\u00eb t\u00eb shumta kan\u00eb qen\u00eb n\u00eb zonat jugore dhe shtrirjen jugper\u00ebndimore, nd\u00ebrsa n\u00eb pjes\u00ebn e dyt\u00eb t\u00eb dit\u00ebs p\u00ebrmir\u00ebsim i motit. Nga nes\u00ebr m\u00eb pak reshje. Rrebeshet gjat\u00eb pjes\u00ebs s\u00eb par\u00eb t\u00eb dit\u00ebs. N\u00eb mesdit\u00eb fuqizim i vran\u00ebsirave\u201d, tha Porja.<\/p>\n\n\n\n<p>Sipas meteorologes, edhe temperaturat do t\u00eb ulen m\u00eb dy grad\u00eb n\u00eb rang territori, nd\u00ebrsa era e fort\u00eb do t\u00eb jet\u00eb kryesisht n\u00eb hap\u00ebsirat detare.<\/p>\n\n\n\n<p>\u201cR\u00ebnie e temperaturave n\u00eb veri e verilindje mesdita sjell r\u00ebnie me 2 gard\u00eb, nd\u00ebrkoh\u00eb q\u00eb minimumi do t\u00eb jet\u00eb 3 grad\u00eb celcius, nd\u00ebrsa maksimumi 10 grad\u00eb n\u00eb territor\u201d, u shpreh ajo.<\/p>\n\n\n\n<p>Meteorologia Porja paralajm\u00ebroi se nga nes\u00ebr rikthehen reshjet e d\u00ebbor\u00ebs n\u00eb territor, nd\u00ebrsa n\u00eb fillim t\u00eb jav\u00ebs tjet\u00ebr pritet p\u00ebrmir\u00ebsim i motit.<\/p>\n\n\n\n<p>\u201cSonte n\u00eb mbr\u00ebmje rikthehen reshjet e d\u00ebbor\u00ebs duksh\u00ebm n\u00eb veri e verilindje dhe nga nes\u00ebr reshjet e d\u00ebbor\u00ebs do b\u00ebhen t\u00eb dukshme edhe n\u00eb zonat malore n\u00eb lindje dhe juglindje. Pak cm n\u00eb d\u00ebbor\u00eb e rikthyer n\u00eb k\u00ebt\u00eb fund marsi. Nga e diela deri t\u00eb mart\u00ebn kthjellime e vran\u00ebsira dhe reshje t\u00eb pap\u00ebrfillshme kryesisht n\u00eb zonat lindore kufitare. Kemi freskim t\u00eb m\u00ebtejsh\u00ebm t\u00eb motit. Fillimi jav\u00ebs tjet\u00ebr sjell p\u00ebrmir\u00ebsim t\u00eb kushteve t\u00eb motit, temperatura t\u00eb ul\u00ebta nd\u00ebrsa n\u00eb mesdit\u00eb temperatura tipike t\u00eb pranver\u00ebs\u201d, tha Porja.<\/p>\n\n<div style=\"font-size: 0px; height: 0px; line-height: 0px; margin: 0; padding: 0; clear: both;\"><\/div>","protected":false},"excerpt":{"rendered":"<p>M\u00ebngjesi i sot\u00ebm ka nisur me reshje shiu e rrebeshe, por nga nes\u00ebr do t\u00eb ket\u00eb m\u00eb pak reshje. Parashikimi u dha n\u00eb Dita Jon\u00eb nga meteorologia&#8230; <\/p>\n","protected":false},"author":1,"featured_media":0,"comment_status":"open","ping_status":"open","sticky":false,"template":"","format":"standard","meta":{"footnotes":""},"categories":[6],"tags":[],"class_list":["post-22922","post","type-post","status-publish","format-standard","hentry","category-lajme"],"_links":{"self":[{"href":"https:\/\/new.findnews5.com\/index.php?rest_route=\/wp\/v2\/posts\/22922","targetHints":{"allow":["GET"]}}],"collection":[{"href":"https:\/\/new.findnews5.com\/index.php?rest_route=\/wp\/v2\/posts"}],"about":[{"href":"https:\/\/new.findnews5.com\/index.php?rest_route=\/wp\/v2\/types\/post"}],"author":[{"embeddable":true,"href":"https:\/\/new.findnews5.com\/index.php?rest_route=\/wp\/v2\/users\/1"}],"replies":[{"embeddable":true,"href":"https:\/\/new.findnews5.com\/index.php?rest_route=%2Fwp%2Fv2%2Fcomments&post=22922"}],"version-history":[{"count":1,"href":"https:\/\/new.findnews5.com\/index.php?rest_route=\/wp\/v2\/posts\/22922\/revisions"}],"predecessor-version":[{"id":22923,"href":"https:\/\/new.findnews5.com\/index.php?rest_route=\/wp\/v2\/posts\/22922\/revisions\/22923"}],"wp:attachment":[{"href":"https:\/\/new.findnews5.com\/index.php?rest_route=%2Fwp%2Fv2%2Fmedia&parent=22922"}],"wp:term":[{"taxonomy":"category","embeddable":true,"href":"https:\/\/new.findnews5.com\/index.php?rest_route=%2Fwp%2Fv2%2Fcategories&post=22922"},{"taxonomy":"post_tag","embeddable":true,"href":"https:\/\/new.findnews5.com\/index.php?rest_route=%2Fwp%2Fv2%2Ftags&post=22922"}],"curies":[{"name":"wp","href":"https:\/\/api.w.org\/{rel}","templated":true}]}}