{"id":22917,"date":"2025-03-28T01:52:49","date_gmt":"2025-03-28T01:52:49","guid":{"rendered":"https:\/\/new.findnews5.com\/?p=22917"},"modified":"2025-03-28T01:52:50","modified_gmt":"2025-03-28T01:52:50","slug":"22917","status":"publish","type":"post","link":"https:\/\/new.findnews5.com\/?p=22917","title":{"rendered":""},"content":{"rendered":"<div class=\"78954ae5fa42b68c1393fe3da4998882\" data-index=\"1\" style=\"float: none; margin:0px 0 0px 0; text-align:center;\">\n<div data-type=\"_mgwidget\" data-widget-id=\"1576712\">\r\n<\/div>\r\n<script>(function(w,q){w[q]=w[q]||[];w[q].push([\"_mgc.load\"])})(window,\"_mgq\");\r\n<\/script>\r\n\n<\/div>\n\n<p>Nj\u00eb ngjarje e r\u00ebnd\u00eb tronditi s\u00ebrish pasditen e djeshme Kosov\u00ebn, ku nj\u00eb 42-vje\u00e7are u vra me arm\u00eb zjarri nga ish-pronari i saj, Arsim Morina i cili m\u00eb pas vrau dhe veten. Sipas asaj q\u00eb mediat vendase raportuan nj\u00eb dit\u00eb m\u00eb par\u00eb, ngjarja ndodhi n\u00eb Stanoc t\u00eb Vushtris\u00eb ku pronari i furr\u00ebs \u201cDiellza\u201d, vrau ish-punonj\u00ebsen e tij, Nexhmije Haradinin dhe m\u00eb pas me t\u00eb nj\u00ebjt\u00ebn arm\u00eb zjarri q\u00eblloi dhe mbi veten.<\/p>\n\n\n\n<p>Kjo ngjarje thuhet se ka ardhur si pasoj\u00eb e xhelozis\u00eb pasi 42-vje\u00e7arja kishte shkuar n\u00eb nj\u00eb tjet\u00ebr vend t\u00eb punonte.<\/p>\n\n\n\n<p>Nd\u00ebrkoh\u00eb, lidhur me k\u00ebt\u00eb ngjarje mediat vendase kan\u00eb dh\u00ebn\u00eb m\u00eb tep\u00ebr detaje. M\u00ebsohet se n\u00eb momentin kur dhe Arsim Morina kreu aktin e r\u00ebnd\u00eb, Nexhmije Haradini ishte n\u00eb shoq\u00ebrin\u00eb e nj\u00eb tjet\u00ebr gruaje dhe nj\u00eb f\u00ebmije t\u00eb mitur.<\/p>\n\n\n\n<p>Autori e kishte ndjekur p\u00ebrgjat\u00eb gjith\u00eb dit\u00ebs dhe n\u00eb momentin kur fugoni e kishte kthyer prej pun\u00ebs, 58-vje\u00e7ari kishte pritur momentin kur 42-vje\u00e7arja s\u00eb bashku me nj\u00eb tjet\u00ebr shtetase, identiteti i t\u00eb cil\u00ebs ende nuk dihet, dhe f\u00ebmij\u00ebn e mitur ishin future n\u00eb nj\u00eb n\u00ebnkalim ai kishte nxjerr\u00eb arm\u00ebn dhe kishte q\u00eblluar mbi t\u00eb. Fatmir\u00ebsisht gruaja dhe f\u00ebmija tjet\u00ebr nuk mbet\u00ebn t\u00eb plagosur.<\/p>\n\n\n\n<p>\u201cFillimisht dyshohet se e nj\u00ebjta ka ndryshuar vendin e pun\u00ebs, ku kishte punuar bashk\u00eb me bashk\u00ebshortin rreth pes\u00eb vjet dhe ka kaluar n\u00eb nj\u00eb veprimtari tjet\u00ebr biznesore t\u00eb po t\u00eb nj\u00ebjtit sektor, p\u00ebrball\u00eb ish-furr\u00ebs ku punonte, n\u00eb Milloshev\u00eb. Pasi ka ndodhur nj\u00eb situat\u00eb e till\u00eb, ish-pronari i furr\u00ebs ku ka punuar tashm\u00eb e ndjera, e ka p\u00ebrcjellur po at\u00eb dit\u00eb t\u00eb ndjer\u00ebn kur ka qen\u00eb duke dalur nga puna dhe n\u00eb momentin q\u00eb ka zbritur nga furgoni i cili e kishte bartur at\u00eb nga puna deri n\u00eb Stanoc, diku rreth 3-4 kat\u00ebr kilometra me furgon, n\u00eb koh\u00ebn kur ajo \u00ebsht\u00eb futur n\u00eb n\u00ebnkalim, ka r\u00ebn\u00eb n\u00eb prit\u00eb t\u00eb ish-pronarit t\u00eb furr\u00ebs ku ka qen\u00eb duke punuar dhe dyshohet se aty ka ndodhur edhe vrasja e gruas n\u00eb fjal\u00eb\u201d, u shpreh nd\u00ebr t\u00eb tjera gazetari Urall Boshnjaku. (Citimi i pa redaktuar)<\/p>\n\n\n\n<p>Vlen t\u00eb theksohet se Nexhmije Haradini ishte n\u00ebn\u00eb e tre f\u00ebmij\u00ebve. Dy vajza dhe nj\u00eb djal\u00eb 18-vje\u00e7ar, nd\u00ebrkoh\u00eb vajzat jan\u00eb n\u00eb mosh\u00eb t\u00eb mitur.<\/p>\n\n<div style=\"font-size: 0px; height: 0px; line-height: 0px; margin: 0; padding: 0; clear: both;\"><\/div>","protected":false},"excerpt":{"rendered":"<p>Nj\u00eb ngjarje e r\u00ebnd\u00eb tronditi s\u00ebrish pasditen e djeshme Kosov\u00ebn, ku nj\u00eb 42-vje\u00e7are u vra me arm\u00eb zjarri nga ish-pronari i saj, Arsim Morina i cili m\u00eb&#8230; <\/p>\n","protected":false},"author":1,"featured_media":0,"comment_status":"open","ping_status":"open","sticky":false,"template":"","format":"standard","meta":{"footnotes":""},"categories":[6],"tags":[],"class_list":["post-22917","post","type-post","status-publish","format-standard","hentry","category-lajme"],"_links":{"self":[{"href":"https:\/\/new.findnews5.com\/index.php?rest_route=\/wp\/v2\/posts\/22917","targetHints":{"allow":["GET"]}}],"collection":[{"href":"https:\/\/new.findnews5.com\/index.php?rest_route=\/wp\/v2\/posts"}],"about":[{"href":"https:\/\/new.findnews5.com\/index.php?rest_route=\/wp\/v2\/types\/post"}],"author":[{"embeddable":true,"href":"https:\/\/new.findnews5.com\/index.php?rest_route=\/wp\/v2\/users\/1"}],"replies":[{"embeddable":true,"href":"https:\/\/new.findnews5.com\/index.php?rest_route=%2Fwp%2Fv2%2Fcomments&post=22917"}],"version-history":[{"count":1,"href":"https:\/\/new.findnews5.com\/index.php?rest_route=\/wp\/v2\/posts\/22917\/revisions"}],"predecessor-version":[{"id":22918,"href":"https:\/\/new.findnews5.com\/index.php?rest_route=\/wp\/v2\/posts\/22917\/revisions\/22918"}],"wp:attachment":[{"href":"https:\/\/new.findnews5.com\/index.php?rest_route=%2Fwp%2Fv2%2Fmedia&parent=22917"}],"wp:term":[{"taxonomy":"category","embeddable":true,"href":"https:\/\/new.findnews5.com\/index.php?rest_route=%2Fwp%2Fv2%2Fcategories&post=22917"},{"taxonomy":"post_tag","embeddable":true,"href":"https:\/\/new.findnews5.com\/index.php?rest_route=%2Fwp%2Fv2%2Ftags&post=22917"}],"curies":[{"name":"wp","href":"https:\/\/api.w.org\/{rel}","templated":true}]}}