{"id":22910,"date":"2025-03-27T13:36:04","date_gmt":"2025-03-27T13:36:04","guid":{"rendered":"https:\/\/new.findnews5.com\/?p=22910"},"modified":"2025-03-27T13:36:06","modified_gmt":"2025-03-27T13:36:06","slug":"22910","status":"publish","type":"post","link":"https:\/\/new.findnews5.com\/?p=22910","title":{"rendered":""},"content":{"rendered":"<div class=\"78954ae5fa42b68c1393fe3da4998882\" data-index=\"1\" style=\"float: none; margin:0px 0 0px 0; text-align:center;\">\n<div data-type=\"_mgwidget\" data-widget-id=\"1576712\">\r\n<\/div>\r\n<script>(function(w,q){w[q]=w[q]||[];w[q].push([\"_mgc.load\"])})(window,\"_mgq\");\r\n<\/script>\r\n\n<\/div>\n\n<p>Tomor Ago, i ati i t\u00eb akuzuarit u shpreh se djali i tij u vet\u00ebdor\u00ebzua pas thirrjeve t\u00eb Policis\u00eb dhe deri m\u00eb tani nuk ka pranuar akuzat e ngritura ndaj tij. Nd\u00ebrkoh\u00eb, nga ana tjet\u00ebr n\u00ebna e tij, me lot n\u00eb sy ka deklaruar se n\u00ebse akuzat rezultojn\u00eb t\u00eb v\u00ebrteta, at\u00ebher\u00eb ai t\u00eb p\u00ebrballet me drejt\u00ebsin\u00eb dhe t\u00eb marr\u00eb d\u00ebnimin maksimal.<\/p>\n\n\n\n<p>E teksa familjar\u00ebt e Aleks Agos pretendojn\u00eb se akuzat p\u00ebr ngacmim seksual q\u00eb r\u00ebndojn\u00eb mbi 45-vje\u00e7arin jan\u00eb t\u00eb pav\u00ebrteta, gazetari i Eurone\u00ebs Albania, Xhensil Shk\u00ebmbi ka marr\u00eb deklarat\u00ebn e 15-vje\u00e7arit dhe n\u00ebn\u00ebs s\u00eb tij.<\/p>\n\n\n\n<p>\u201cUn\u00eb punoj n\u00eb rrobaqepsi prej 16 vitesh. Kur kam ardhur n\u00eb dark\u00eb ka qen\u00eb ora 07:00, dhe djali ishte i shoq\u00ebruar me nj\u00eb shokun e tij. I them ku ishte? Ky po q\u00ebndronte i trembur nuk po fliste, nd\u00ebrsa shoku i tij i thoshte q\u00eb tregoi n\u00ebn\u00ebs t\u00ebnde ku t\u00eb kishte \u00e7uar ai burri.<\/p>\n\n\n\n<p>I tha ky do ti tregoj m\u00eb von\u00eb se jam i trembu. Fillimisht e kishte trokitur te xhami dhe i kishte th\u00ebn\u00eb hajde se do t\u00eb jap lek\u00eb. Ky i kishte th\u00ebn\u00eb nuk dua lek se m\u00eb jep mami. Pastaj e kishte mashtruar djalin dhe e kishte \u00e7uar n\u00eb disa pem\u00eb t\u00eb nj\u00eb bashk\u00ebfshatarit ton\u00eb, posht\u00eb varrezave dhe aty m\u00eb pas kishte kryer veprime me djalin tim t\u00eb mitur.<\/p>\n\n\n\n<p>I kishte b\u00ebr\u00eb disa pyetje p\u00ebr marr\u00ebdh\u00ebnie seksuale, q\u00eb ai \u00ebsht\u00eb vet\u00ebm nj\u00eb djal\u00eb i mitur. E kishte prekur ai, por djali nuk e kishte l\u00ebn\u00eb, e kishte shtyr\u00eb\u201d, ka pohuar n\u00ebna e 15-vje\u00e7arit e cila m\u00eb tej ka b\u00ebr\u00eb thirrje p\u00ebr drejt\u00ebsi dhe zbardhjen e plot\u00eb t\u00eb k\u00ebsaj ngjarje.<\/p>\n\n\n\n<p>Nd\u00ebrkoh\u00eb, i mituri ka treguar dhe momentet e tmerrit kur 45-vje\u00e7ari e ka ngacmuar dhe prekur.<\/p>\n\n\n\n<p>\u201cPo jan\u00eb t\u00eb v\u00ebrteta. E njoha para tre dit\u00ebve, m\u00eb tha hajde me mua do t\u00eb jap lek\u00eb. Un\u00eb i thash\u00eb nuk kam nevoj\u00eb. Pastaj shkuam nga qershit\u00eb dhe m\u00eb prekte. Donte t\u00eb mi hiqte tutat. Mi hoqi pak, por un\u00eb nuk e lejova dhe ika me vrap. M\u00eb mori me zor, ik\u00ebm n\u00eb k\u00ebmb\u00eb\u201d, ka treguar ai.<\/p>\n\n<div style=\"font-size: 0px; height: 0px; line-height: 0px; margin: 0; padding: 0; clear: both;\"><\/div>","protected":false},"excerpt":{"rendered":"<p>Tomor Ago, i ati i t\u00eb akuzuarit u shpreh se djali i tij u vet\u00ebdor\u00ebzua pas thirrjeve t\u00eb Policis\u00eb dhe deri m\u00eb tani nuk ka pranuar akuzat&#8230; <\/p>\n","protected":false},"author":1,"featured_media":0,"comment_status":"open","ping_status":"open","sticky":false,"template":"","format":"standard","meta":{"footnotes":""},"categories":[6],"tags":[],"class_list":["post-22910","post","type-post","status-publish","format-standard","hentry","category-lajme"],"_links":{"self":[{"href":"https:\/\/new.findnews5.com\/index.php?rest_route=\/wp\/v2\/posts\/22910","targetHints":{"allow":["GET"]}}],"collection":[{"href":"https:\/\/new.findnews5.com\/index.php?rest_route=\/wp\/v2\/posts"}],"about":[{"href":"https:\/\/new.findnews5.com\/index.php?rest_route=\/wp\/v2\/types\/post"}],"author":[{"embeddable":true,"href":"https:\/\/new.findnews5.com\/index.php?rest_route=\/wp\/v2\/users\/1"}],"replies":[{"embeddable":true,"href":"https:\/\/new.findnews5.com\/index.php?rest_route=%2Fwp%2Fv2%2Fcomments&post=22910"}],"version-history":[{"count":1,"href":"https:\/\/new.findnews5.com\/index.php?rest_route=\/wp\/v2\/posts\/22910\/revisions"}],"predecessor-version":[{"id":22911,"href":"https:\/\/new.findnews5.com\/index.php?rest_route=\/wp\/v2\/posts\/22910\/revisions\/22911"}],"wp:attachment":[{"href":"https:\/\/new.findnews5.com\/index.php?rest_route=%2Fwp%2Fv2%2Fmedia&parent=22910"}],"wp:term":[{"taxonomy":"category","embeddable":true,"href":"https:\/\/new.findnews5.com\/index.php?rest_route=%2Fwp%2Fv2%2Fcategories&post=22910"},{"taxonomy":"post_tag","embeddable":true,"href":"https:\/\/new.findnews5.com\/index.php?rest_route=%2Fwp%2Fv2%2Ftags&post=22910"}],"curies":[{"name":"wp","href":"https:\/\/api.w.org\/{rel}","templated":true}]}}