{"id":22900,"date":"2025-03-27T13:28:39","date_gmt":"2025-03-27T13:28:39","guid":{"rendered":"https:\/\/new.findnews5.com\/?p=22900"},"modified":"2025-03-27T13:28:40","modified_gmt":"2025-03-27T13:28:40","slug":"22900","status":"publish","type":"post","link":"https:\/\/new.findnews5.com\/?p=22900","title":{"rendered":""},"content":{"rendered":"<div class=\"78954ae5fa42b68c1393fe3da4998882\" data-index=\"1\" style=\"float: none; margin:0px 0 0px 0; text-align:center;\">\n<div data-type=\"_mgwidget\" data-widget-id=\"1576712\">\r\n<\/div>\r\n<script>(function(w,q){w[q]=w[q]||[];w[q].push([\"_mgc.load\"])})(window,\"_mgq\");\r\n<\/script>\r\n\n<\/div>\n<p>\u201cNdoshta nuk duhet ta them k\u00ebt\u00eb p\u00ebr respekt t\u00eb babait tim, se goc\u00eb veriore dhe un\u00eb nuk e di babi marr\u00ebdh\u00ebnien time\u201d.<\/p>\n<p>Banorja u shpreh se babi i saj do jet\u00eb shokuar aq shum\u00eb e ka p\u00ebrmendur Redin n\u00eb sht\u00ebpin\u00eb e \u201cBig Brother VIP 4\u201d.<\/p>\n<p>\u201cEdhe kjo e Redit, e ka shokuar q\u00eb e kemi p\u00ebrmendur kaq shum\u00eb po me k\u00ebt\u00eb do merrem pasi t\u00eb dal nga k\u00ebtu se nuk e njeh. E kan\u00eb marr vesh 3 fiset e mia, fisi i mamit, i babit dhe i Vites\u201d, tha ajo.<\/p>\n<p>Duke iu rikthyer lidhjes s\u00eb saj t\u00eb m\u00ebparshme, Danja vijoi duke th\u00ebn\u00eb se p\u00ebr her\u00eb t\u00eb par\u00eb dikush u largua nga ajo, pasi ai kishte zgjedhur q\u00eb t\u00eb ikte. M\u00eb pas ajo kishte marr\u00eb vesh se ish-partneri ishte fejuar me nj\u00eb vajz\u00eb t\u00eb virgj\u00ebr.<\/p>\n<p>\u201cN\u00eb at\u00eb koh\u00eb ishte uau, por ishte m\u00eb toksikja. E kur un\u00eb u zgjova nga gjumi kisha t\u00eb b\u00ebja me nj\u00eb njeri q\u00eb pa vet\u00ebm interesat e veta dhe iku. Iku ai, ka qen\u00eb hera e par\u00eb n\u00eb jet\u00eb q\u00eb iku dikush nga un\u00eb. Zgjodhi ai t\u00eb ikte p\u00ebr arsyet e veta. P\u00ebr momentin nuk rash\u00eb dakord me ato arsye, po kam b\u00ebr\u00eb nj\u00eb luft\u00eb 3 vjet me veten. Afrohej dhe largohej dhe un\u00eb i mbushja mendjen vetes se mbase nuk \u00ebsht\u00eb k\u00ebshtu, mbase \u00ebsht\u00eb ashtu. Mora vesh se u fejua me nj\u00eb vajz\u00eb t\u00eb virgj\u00ebr\u201d, tregoi Danja.<\/p>\n<p>Banorja e p\u00ebrfundoi rr\u00ebfimin e saj duke th\u00ebn\u00eb se i \u00ebsht\u00eb dashur nj\u00eb jav\u00eb q\u00eb t\u00eb marrte veten, e kjo fal\u00eb mb\u00ebshtetjes dhe k\u00ebshillave t\u00eb motr\u00ebs s\u00eb saj, Ertila.<\/p>\n\n<div style=\"font-size: 0px; height: 0px; line-height: 0px; margin: 0; padding: 0; clear: both;\"><\/div>","protected":false},"excerpt":{"rendered":"<p>\u201cNdoshta nuk duhet ta them k\u00ebt\u00eb p\u00ebr respekt t\u00eb babait tim, se goc\u00eb veriore dhe un\u00eb nuk e di babi marr\u00ebdh\u00ebnien time\u201d. Banorja u shpreh se babi&#8230; <\/p>\n","protected":false},"author":1,"featured_media":0,"comment_status":"open","ping_status":"open","sticky":false,"template":"","format":"standard","meta":{"footnotes":""},"categories":[6],"tags":[],"class_list":["post-22900","post","type-post","status-publish","format-standard","hentry","category-lajme"],"_links":{"self":[{"href":"https:\/\/new.findnews5.com\/index.php?rest_route=\/wp\/v2\/posts\/22900","targetHints":{"allow":["GET"]}}],"collection":[{"href":"https:\/\/new.findnews5.com\/index.php?rest_route=\/wp\/v2\/posts"}],"about":[{"href":"https:\/\/new.findnews5.com\/index.php?rest_route=\/wp\/v2\/types\/post"}],"author":[{"embeddable":true,"href":"https:\/\/new.findnews5.com\/index.php?rest_route=\/wp\/v2\/users\/1"}],"replies":[{"embeddable":true,"href":"https:\/\/new.findnews5.com\/index.php?rest_route=%2Fwp%2Fv2%2Fcomments&post=22900"}],"version-history":[{"count":1,"href":"https:\/\/new.findnews5.com\/index.php?rest_route=\/wp\/v2\/posts\/22900\/revisions"}],"predecessor-version":[{"id":22901,"href":"https:\/\/new.findnews5.com\/index.php?rest_route=\/wp\/v2\/posts\/22900\/revisions\/22901"}],"wp:attachment":[{"href":"https:\/\/new.findnews5.com\/index.php?rest_route=%2Fwp%2Fv2%2Fmedia&parent=22900"}],"wp:term":[{"taxonomy":"category","embeddable":true,"href":"https:\/\/new.findnews5.com\/index.php?rest_route=%2Fwp%2Fv2%2Fcategories&post=22900"},{"taxonomy":"post_tag","embeddable":true,"href":"https:\/\/new.findnews5.com\/index.php?rest_route=%2Fwp%2Fv2%2Ftags&post=22900"}],"curies":[{"name":"wp","href":"https:\/\/api.w.org\/{rel}","templated":true}]}}