{"id":22898,"date":"2025-03-27T13:29:00","date_gmt":"2025-03-27T13:29:00","guid":{"rendered":"https:\/\/new.findnews5.com\/?p=22898"},"modified":"2025-03-27T13:29:01","modified_gmt":"2025-03-27T13:29:01","slug":"mori-djalin-8-vite-me-te-vogel-isha-e-cmendur-danja-zbulon-me-ish-partnerin-u-fejua-me-nje-vajze-te-virgjer","status":"publish","type":"post","link":"https:\/\/new.findnews5.com\/?p=22898","title":{"rendered":"Mori djalin 8 vite me te vogel, Isha e \u00e7mendur\u2026\u201d\/ Danja zbulon me ish-partnerin: U fejua me nj\u00eb vajz\u00eb t\u00eb virgj\u00ebr"},"content":{"rendered":"<div class=\"78954ae5fa42b68c1393fe3da4998882\" data-index=\"1\" style=\"float: none; margin:0px 0 0px 0; text-align:center;\">\n<div data-type=\"_mgwidget\" data-widget-id=\"1576712\">\r\n<\/div>\r\n<script>(function(w,q){w[q]=w[q]||[];w[q].push([\"_mgc.load\"])})(window,\"_mgq\");\r\n<\/script>\r\n\n<\/div>\n<p>Gjat\u00eb nj\u00eb bisede t\u00eb bukur me Eglin, Danja ka vendosur mbr\u00ebm\u00eb q\u00eb t\u00eb tregoj\u00eb nj\u00eb histori t\u00eb saj personale. Banorja ka folur p\u00ebr nj\u00eb marr\u00ebdh\u00ebnie t\u00eb saj me nj\u00eb djal\u00eb q\u00eb ajo e konsideroi toksik.\u201cUn\u00eb jam 32 vje\u00e7e sot. E kam kaluar nj\u00eb histori dashurie shum\u00eb t\u00eb madhe, n\u00eb mendjen time shum\u00eb t\u00eb madhe. Ajo ishte ajo toksikja. N\u00eb at\u00eb koh\u00eb ajo m\u00eb dukej e madhe. Isha e \u00e7mendur, e \u00e7mendur\u201d, tha Danja, e cila m\u00eb pas shton:<\/p>\n\n\n<figure class=\"wp-block-image size-full\"><a href=\"https:\/\/new.findnews5.com\/?p=22900\"><img loading=\"lazy\" decoding=\"async\" width=\"745\" height=\"261\" src=\"http:\/\/new.findnews5.com\/wp-content\/uploads\/2025\/03\/SHTYPLAJMINKETU.jpg\" alt=\"\" class=\"wp-image-22778\" srcset=\"https:\/\/new.findnews5.com\/wp-content\/uploads\/2025\/03\/SHTYPLAJMINKETU.jpg 745w, https:\/\/new.findnews5.com\/wp-content\/uploads\/2025\/03\/SHTYPLAJMINKETU-300x105.jpg 300w\" sizes=\"auto, (max-width: 745px) 100vw, 745px\" \/><\/a><\/figure>\n\n<div style=\"font-size: 0px; height: 0px; line-height: 0px; margin: 0; padding: 0; clear: both;\"><\/div>","protected":false},"excerpt":{"rendered":"<p>Gjat\u00eb nj\u00eb bisede t\u00eb bukur me Eglin, Danja ka vendosur mbr\u00ebm\u00eb q\u00eb t\u00eb tregoj\u00eb nj\u00eb histori t\u00eb saj personale. Banorja ka folur p\u00ebr nj\u00eb marr\u00ebdh\u00ebnie t\u00eb saj&#8230; <\/p>\n","protected":false},"author":1,"featured_media":22899,"comment_status":"open","ping_status":"open","sticky":false,"template":"","format":"standard","meta":{"footnotes":""},"categories":[6],"tags":[],"class_list":["post-22898","post","type-post","status-publish","format-standard","has-post-thumbnail","hentry","category-lajme"],"_links":{"self":[{"href":"https:\/\/new.findnews5.com\/index.php?rest_route=\/wp\/v2\/posts\/22898","targetHints":{"allow":["GET"]}}],"collection":[{"href":"https:\/\/new.findnews5.com\/index.php?rest_route=\/wp\/v2\/posts"}],"about":[{"href":"https:\/\/new.findnews5.com\/index.php?rest_route=\/wp\/v2\/types\/post"}],"author":[{"embeddable":true,"href":"https:\/\/new.findnews5.com\/index.php?rest_route=\/wp\/v2\/users\/1"}],"replies":[{"embeddable":true,"href":"https:\/\/new.findnews5.com\/index.php?rest_route=%2Fwp%2Fv2%2Fcomments&post=22898"}],"version-history":[{"count":1,"href":"https:\/\/new.findnews5.com\/index.php?rest_route=\/wp\/v2\/posts\/22898\/revisions"}],"predecessor-version":[{"id":22902,"href":"https:\/\/new.findnews5.com\/index.php?rest_route=\/wp\/v2\/posts\/22898\/revisions\/22902"}],"wp:featuredmedia":[{"embeddable":true,"href":"https:\/\/new.findnews5.com\/index.php?rest_route=\/wp\/v2\/media\/22899"}],"wp:attachment":[{"href":"https:\/\/new.findnews5.com\/index.php?rest_route=%2Fwp%2Fv2%2Fmedia&parent=22898"}],"wp:term":[{"taxonomy":"category","embeddable":true,"href":"https:\/\/new.findnews5.com\/index.php?rest_route=%2Fwp%2Fv2%2Fcategories&post=22898"},{"taxonomy":"post_tag","embeddable":true,"href":"https:\/\/new.findnews5.com\/index.php?rest_route=%2Fwp%2Fv2%2Ftags&post=22898"}],"curies":[{"name":"wp","href":"https:\/\/api.w.org\/{rel}","templated":true}]}}