{"id":2289,"date":"2023-08-03T13:35:19","date_gmt":"2023-08-03T13:35:19","guid":{"rendered":"https:\/\/new.findnews5.com\/?p=2289"},"modified":"2023-08-03T13:35:20","modified_gmt":"2023-08-03T13:35:20","slug":"e-kam-rreh-fort-radoiciqin-ne-97-en-dy-ore-nuk-ka-mujt-mu-cu-invalidi-i-uckse-rrefen-per-ngjarjen","status":"publish","type":"post","link":"https:\/\/new.findnews5.com\/?p=2289","title":{"rendered":"\u201cE kam rreh fort Radoi\u00e7iqin n\u00eb 97-\u00ebn, dy or\u00eb nuk ka mujt m\u2019u \u00e7u\u201d, invalidi i U\u00c7K\u2019s\u00eb rr\u00ebfen p\u00ebr ngjarjen"},"content":{"rendered":"<div class=\"78954ae5fa42b68c1393fe3da4998882\" data-index=\"1\" style=\"float: none; margin:0px 0 0px 0; text-align:center;\">\n<div data-type=\"_mgwidget\" data-widget-id=\"1576712\">\r\n<\/div>\r\n<script>(function(w,q){w[q]=w[q]||[];w[q].push([\"_mgc.load\"])})(window,\"_mgq\");\r\n<\/script>\r\n\n<\/div>\n<p>Milan Radoj\u00e7iq \u00ebsht\u00eb em\u00ebr shum\u00eb i njohur n\u00eb Kosov\u00eb, madje ishte personazhi kryesor n\u00eb p\u00ebrgjimet e publikuara jav\u00eb m\u00eb par\u00eb ku e p\u00ebrfshir\u00eb ishte shefja e grupit parlamentar t\u00eb L\u00ebvizjes Vet\u00ebvendosje, Mimoza Kusari-Lila.<\/p>\n<p>Radoj\u00e7iq njihet p\u00ebr veprimtari kriminale me \u00e7far\u00eb e mori nd\u00ebshkimin nga Shtetet e Bashkuara t\u00eb Amerik\u00ebs duke u sanksionuar.<\/p>\n<p>Ai po ndiqet edhe nga Policia e Kosov\u00ebs p\u00ebr shkak t\u00eb veprimtarive kriminale. Por 26 vjet m\u00eb par\u00eb, Shkumbin Hoti thot\u00eb ta ket\u00eb rrahur Radoj\u00e7iqin, pasi e p\u00ebrshkruan si djal\u00eb problematik.<\/p>\n<p>Hoti \u00ebsht\u00eb veteran i U\u00c7K-s\u00eb dhe ka rr\u00ebfyer p\u00ebr k\u00ebt\u00eb rast.<\/p>\n<p>\u201cMilan Radojciqin e kam njoft n\u00eb vitin 1997. Milani ka banu te Gjykata dhe nj\u00eb shok i jemi e ka pas shok dhe un\u00eb isha tu shku n\u00eb nj\u00eb dyqan dhe ai u kap aty me nj\u00eb djal\u00eb, boni fjal\u00eb. Ai [Milan Radoji\u00e7iq] ka qen\u00eb nj\u00eb djal\u00eb shum\u00eb problematik n\u00eb Gjakov\u00eb, e din Gjakova. Rast\u00ebsisht q\u00ebllova un\u00eb aty dhe ma nguci at\u00eb shokun, i bjen me lavd\u00ebru veten, po ai ka qen\u00eb 2 vjet m\u00eb i vjet\u00ebr se un\u00eb, po e kom rreh fort, qasi t\u00eb rrehne ia kom bo, thom nja dy or\u00eb nuk ka mujt me u kthjell. E din krejt lagjja aty\u201d, tha ai n\u00eb T7.<\/p>\n\n<div style=\"font-size: 0px; height: 0px; line-height: 0px; margin: 0; padding: 0; clear: both;\"><\/div>","protected":false},"excerpt":{"rendered":"<p>Milan Radoj\u00e7iq \u00ebsht\u00eb em\u00ebr shum\u00eb i njohur n\u00eb Kosov\u00eb, madje ishte personazhi kryesor n\u00eb p\u00ebrgjimet e publikuara jav\u00eb m\u00eb par\u00eb ku e p\u00ebrfshir\u00eb ishte shefja e grupit&#8230; <\/p>\n","protected":false},"author":1,"featured_media":2290,"comment_status":"open","ping_status":"open","sticky":false,"template":"","format":"standard","meta":{"footnotes":""},"categories":[1],"tags":[],"class_list":["post-2289","post","type-post","status-publish","format-standard","has-post-thumbnail","hentry","category-uncategorized"],"_links":{"self":[{"href":"https:\/\/new.findnews5.com\/index.php?rest_route=\/wp\/v2\/posts\/2289","targetHints":{"allow":["GET"]}}],"collection":[{"href":"https:\/\/new.findnews5.com\/index.php?rest_route=\/wp\/v2\/posts"}],"about":[{"href":"https:\/\/new.findnews5.com\/index.php?rest_route=\/wp\/v2\/types\/post"}],"author":[{"embeddable":true,"href":"https:\/\/new.findnews5.com\/index.php?rest_route=\/wp\/v2\/users\/1"}],"replies":[{"embeddable":true,"href":"https:\/\/new.findnews5.com\/index.php?rest_route=%2Fwp%2Fv2%2Fcomments&post=2289"}],"version-history":[{"count":0,"href":"https:\/\/new.findnews5.com\/index.php?rest_route=\/wp\/v2\/posts\/2289\/revisions"}],"wp:featuredmedia":[{"embeddable":true,"href":"https:\/\/new.findnews5.com\/index.php?rest_route=\/wp\/v2\/media\/2290"}],"wp:attachment":[{"href":"https:\/\/new.findnews5.com\/index.php?rest_route=%2Fwp%2Fv2%2Fmedia&parent=2289"}],"wp:term":[{"taxonomy":"category","embeddable":true,"href":"https:\/\/new.findnews5.com\/index.php?rest_route=%2Fwp%2Fv2%2Fcategories&post=2289"},{"taxonomy":"post_tag","embeddable":true,"href":"https:\/\/new.findnews5.com\/index.php?rest_route=%2Fwp%2Fv2%2Ftags&post=2289"}],"curies":[{"name":"wp","href":"https:\/\/api.w.org\/{rel}","templated":true}]}}