{"id":22886,"date":"2025-03-27T13:23:12","date_gmt":"2025-03-27T13:23:12","guid":{"rendered":"https:\/\/new.findnews5.com\/?p=22886"},"modified":"2025-03-27T13:23:13","modified_gmt":"2025-03-27T13:23:13","slug":"ylli-merja-zorra-e-trashe-truri-i-dyte-nje-nga-shkaktaret-kryesore-te-semundjeve-nervore-ja-si-ta-kuroni-me-keto","status":"publish","type":"post","link":"https:\/\/new.findnews5.com\/?p=22886","title":{"rendered":"Ylli Merja: Zorra e trash\u00eb \u2018truri i dyt\u00eb\u2019, nj\u00eb nga shkaktar\u00ebt kryesor\u00eb t\u00eb s\u00ebmundjeve nervore, ja si ta kuroni me keto\u2026"},"content":{"rendered":"<div class=\"78954ae5fa42b68c1393fe3da4998882\" data-index=\"1\" style=\"float: none; margin:0px 0 0px 0; text-align:center;\">\n<div data-type=\"_mgwidget\" data-widget-id=\"1576712\">\r\n<\/div>\r\n<script>(function(w,q){w[q]=w[q]||[];w[q].push([\"_mgc.load\"])})(window,\"_mgq\");\r\n<\/script>\r\n\n<\/div>\n\n<p>N\u00eb emisionin e k\u00ebsaj t\u00eb h\u00ebne n\u00eb rubrik\u00ebn \u201c Bima dhe sh\u00ebndeti\u2019\u2019 n\u00eb \u2018\u2019Rreze Dielli\u2019\u2019, mjeku popullor Ylli Merja foli p\u00ebr shkaktar\u00ebt q\u00eb na \u00e7ojn\u00eb n\u00eb s\u00ebmundje q\u00eb p\u00ebrfshijn\u00eb sh\u00ebndetin mendor, ku nd\u00ebr shkaktar\u00ebt kryesor\u00eb p\u00ebrfshihet edhe zorra e trash\u00eb.<\/p>\n\n\n\n<figure class=\"wp-block-image size-full\"><img loading=\"lazy\" decoding=\"async\" width=\"745\" height=\"261\" src=\"http:\/\/new.findnews5.com\/wp-content\/uploads\/2025\/03\/SHTYPLAJMINKETU.jpg\" alt=\"\" class=\"wp-image-22778\" srcset=\"https:\/\/new.findnews5.com\/wp-content\/uploads\/2025\/03\/SHTYPLAJMINKETU.jpg 745w, https:\/\/new.findnews5.com\/wp-content\/uploads\/2025\/03\/SHTYPLAJMINKETU-300x105.jpg 300w\" sizes=\"auto, (max-width: 745px) 100vw, 745px\" \/><\/figure>\n\n<div style=\"font-size: 0px; height: 0px; line-height: 0px; margin: 0; padding: 0; clear: both;\"><\/div>","protected":false},"excerpt":{"rendered":"<p>N\u00eb emisionin e k\u00ebsaj t\u00eb h\u00ebne n\u00eb rubrik\u00ebn \u201c Bima dhe sh\u00ebndeti\u2019\u2019 n\u00eb \u2018\u2019Rreze Dielli\u2019\u2019, mjeku popullor Ylli Merja foli p\u00ebr shkaktar\u00ebt q\u00eb na \u00e7ojn\u00eb n\u00eb s\u00ebmundje&#8230; <\/p>\n","protected":false},"author":1,"featured_media":22887,"comment_status":"open","ping_status":"open","sticky":false,"template":"","format":"standard","meta":{"footnotes":""},"categories":[6],"tags":[],"class_list":["post-22886","post","type-post","status-publish","format-standard","has-post-thumbnail","hentry","category-lajme"],"_links":{"self":[{"href":"https:\/\/new.findnews5.com\/index.php?rest_route=\/wp\/v2\/posts\/22886","targetHints":{"allow":["GET"]}}],"collection":[{"href":"https:\/\/new.findnews5.com\/index.php?rest_route=\/wp\/v2\/posts"}],"about":[{"href":"https:\/\/new.findnews5.com\/index.php?rest_route=\/wp\/v2\/types\/post"}],"author":[{"embeddable":true,"href":"https:\/\/new.findnews5.com\/index.php?rest_route=\/wp\/v2\/users\/1"}],"replies":[{"embeddable":true,"href":"https:\/\/new.findnews5.com\/index.php?rest_route=%2Fwp%2Fv2%2Fcomments&post=22886"}],"version-history":[{"count":1,"href":"https:\/\/new.findnews5.com\/index.php?rest_route=\/wp\/v2\/posts\/22886\/revisions"}],"predecessor-version":[{"id":22890,"href":"https:\/\/new.findnews5.com\/index.php?rest_route=\/wp\/v2\/posts\/22886\/revisions\/22890"}],"wp:featuredmedia":[{"embeddable":true,"href":"https:\/\/new.findnews5.com\/index.php?rest_route=\/wp\/v2\/media\/22887"}],"wp:attachment":[{"href":"https:\/\/new.findnews5.com\/index.php?rest_route=%2Fwp%2Fv2%2Fmedia&parent=22886"}],"wp:term":[{"taxonomy":"category","embeddable":true,"href":"https:\/\/new.findnews5.com\/index.php?rest_route=%2Fwp%2Fv2%2Fcategories&post=22886"},{"taxonomy":"post_tag","embeddable":true,"href":"https:\/\/new.findnews5.com\/index.php?rest_route=%2Fwp%2Fv2%2Ftags&post=22886"}],"curies":[{"name":"wp","href":"https:\/\/api.w.org\/{rel}","templated":true}]}}