{"id":22875,"date":"2025-03-27T13:19:02","date_gmt":"2025-03-27T13:19:02","guid":{"rendered":"https:\/\/new.findnews5.com\/?p=22875"},"modified":"2025-03-27T13:19:04","modified_gmt":"2025-03-27T13:19:04","slug":"u-habitem-e-dinim-nga-tirana-por-rudina-magjistari-e-ka-origjinen-nga-ky-qytet-i-shqiperise","status":"publish","type":"post","link":"https:\/\/new.findnews5.com\/?p=22875","title":{"rendered":"U habit\u00ebm! E dinim nga Tirana, por Rudina Magjistari e ka origjin\u00ebn nga ky qytet i Shqip\u00ebris\u00eb"},"content":{"rendered":"<div class=\"78954ae5fa42b68c1393fe3da4998882\" data-index=\"1\" style=\"float: none; margin:0px 0 0px 0; text-align:center;\">\n<div data-type=\"_mgwidget\" data-widget-id=\"1576712\">\r\n<\/div>\r\n<script>(function(w,q){w[q]=w[q]||[];w[q].push([\"_mgc.load\"])})(window,\"_mgq\");\r\n<\/script>\r\n\n<\/div>\n\n<p>U habit\u00ebm! E dinim nga Tirana, por Rudina Magjistari e ka origjin\u00ebn nga ky qytet i Shqip\u00ebris\u00eb,\u00cbsht\u00eb nj\u00eb nd\u00ebr programet q\u00eb ndiqet m\u00eb s\u00eb shumti kjo p\u00ebr shkak s\u00eb jan\u00eb t\u00eb ftuar nga \u00e7do cep i Shqip\u00ebris\u00eb. Dhe e kemi fjal\u00ebn p\u00ebr programin e mbasdites \u2018Rudina\u2019.<\/p>\n\n\n\n<figure class=\"wp-block-image size-full\"><a href=\"https:\/\/new.findnews5.com\/?p=22876\"><img loading=\"lazy\" decoding=\"async\" width=\"745\" height=\"261\" src=\"http:\/\/new.findnews5.com\/wp-content\/uploads\/2025\/03\/SHTYPLAJMINKETU.jpg\" alt=\"\" class=\"wp-image-22778\" srcset=\"https:\/\/new.findnews5.com\/wp-content\/uploads\/2025\/03\/SHTYPLAJMINKETU.jpg 745w, https:\/\/new.findnews5.com\/wp-content\/uploads\/2025\/03\/SHTYPLAJMINKETU-300x105.jpg 300w\" sizes=\"auto, (max-width: 745px) 100vw, 745px\" \/><\/a><\/figure>\n\n<div style=\"font-size: 0px; height: 0px; line-height: 0px; margin: 0; padding: 0; clear: both;\"><\/div>","protected":false},"excerpt":{"rendered":"<p>U habit\u00ebm! E dinim nga Tirana, por Rudina Magjistari e ka origjin\u00ebn nga ky qytet i Shqip\u00ebris\u00eb,\u00cbsht\u00eb nj\u00eb nd\u00ebr programet q\u00eb ndiqet m\u00eb s\u00eb shumti kjo p\u00ebr&#8230; <\/p>\n","protected":false},"author":1,"featured_media":22878,"comment_status":"open","ping_status":"open","sticky":false,"template":"","format":"standard","meta":{"footnotes":""},"categories":[6],"tags":[],"class_list":["post-22875","post","type-post","status-publish","format-standard","has-post-thumbnail","hentry","category-lajme"],"_links":{"self":[{"href":"https:\/\/new.findnews5.com\/index.php?rest_route=\/wp\/v2\/posts\/22875","targetHints":{"allow":["GET"]}}],"collection":[{"href":"https:\/\/new.findnews5.com\/index.php?rest_route=\/wp\/v2\/posts"}],"about":[{"href":"https:\/\/new.findnews5.com\/index.php?rest_route=\/wp\/v2\/types\/post"}],"author":[{"embeddable":true,"href":"https:\/\/new.findnews5.com\/index.php?rest_route=\/wp\/v2\/users\/1"}],"replies":[{"embeddable":true,"href":"https:\/\/new.findnews5.com\/index.php?rest_route=%2Fwp%2Fv2%2Fcomments&post=22875"}],"version-history":[{"count":1,"href":"https:\/\/new.findnews5.com\/index.php?rest_route=\/wp\/v2\/posts\/22875\/revisions"}],"predecessor-version":[{"id":22879,"href":"https:\/\/new.findnews5.com\/index.php?rest_route=\/wp\/v2\/posts\/22875\/revisions\/22879"}],"wp:featuredmedia":[{"embeddable":true,"href":"https:\/\/new.findnews5.com\/index.php?rest_route=\/wp\/v2\/media\/22878"}],"wp:attachment":[{"href":"https:\/\/new.findnews5.com\/index.php?rest_route=%2Fwp%2Fv2%2Fmedia&parent=22875"}],"wp:term":[{"taxonomy":"category","embeddable":true,"href":"https:\/\/new.findnews5.com\/index.php?rest_route=%2Fwp%2Fv2%2Fcategories&post=22875"},{"taxonomy":"post_tag","embeddable":true,"href":"https:\/\/new.findnews5.com\/index.php?rest_route=%2Fwp%2Fv2%2Ftags&post=22875"}],"curies":[{"name":"wp","href":"https:\/\/api.w.org\/{rel}","templated":true}]}}