{"id":22865,"date":"2025-03-26T15:43:53","date_gmt":"2025-03-26T15:43:53","guid":{"rendered":"https:\/\/new.findnews5.com\/?p=22865"},"modified":"2025-03-26T15:43:55","modified_gmt":"2025-03-26T15:43:55","slug":"22865","status":"publish","type":"post","link":"https:\/\/new.findnews5.com\/?p=22865","title":{"rendered":""},"content":{"rendered":"<div class=\"78954ae5fa42b68c1393fe3da4998882\" data-index=\"1\" style=\"float: none; margin:0px 0 0px 0; text-align:center;\">\n<div data-type=\"_mgwidget\" data-widget-id=\"1576712\">\r\n<\/div>\r\n<script>(function(w,q){w[q]=w[q]||[];w[q].push([\"_mgc.load\"])})(window,\"_mgq\");\r\n<\/script>\r\n\n<\/div>\n\n<p>Nj\u00eb aksident tragjik ka ndodhur n\u00eb Gessopalena t\u00eb Italis\u00eb qendrore ku nj\u00eb shqiptar punonj\u00ebs bujq\u00ebsie, humbi jet\u00ebn n\u00eb nj\u00eb aksident t\u00eb r\u00ebnd\u00eb me traktor. Viktima \u00ebsht\u00eb identifikuar nga\u00a0<a href=\"https:\/\/www.abruzzoinvideo.tv\/cronaca\/gessopalena-trattore-si-ribalta-in-un-fossato-muore-giovane-agricoltore-albanese-it130487__a45360.html\">mediat italiane<\/a>\u00a0si Gentjan Mu\u00e7a, 31 vje\u00e7. Sipas burimeve, traktori p\u00ebr arsye t\u00eb paditura ka p\u00ebrfunduar n\u00eb nj\u00eb kanal dhe \u00ebsht\u00eb p\u00ebrmbysur duke z\u00ebn\u00eb posht\u00eb drejtuesin e tij shqiptar.<\/p>\n\n\n\n<p>Urgjenca, madje nj\u00eb helikopter u d\u00ebrgua nga Pescara p\u00ebr t\u2019i shp\u00ebtuar jet\u00ebn t\u00eb riut, por nuk mund t\u00eb b\u00ebnin asgj\u00eb. Ai humbi jet\u00ebn n\u00eb vendin e ngjarjes.<\/p>\n\n\n\n<p>Gentjani p\u00ebrshkruhej si nj\u00eb an\u00ebtar i dashur i komunitetit dhe pun\u00ebtor i palodhur. Humbja e tij e parakohshme ka shtangur miqt\u00eb e familjar\u00ebt.<\/p>\n\n\n\n<p><em>\u201cNuk ka fjal\u00eb p\u00ebr ta p\u00ebrshkruar dhimbjen e k\u00ebsaj dite t\u00eb tmerrshme. I shprehim ngush\u00ebllime familjes dhe miqve n\u00eb k\u00ebt\u00eb moment t\u00eb v\u00ebshtir\u00eb. Ai ishte nj\u00eb person, kujtimet e s\u00eb cilit do t\u00eb q\u00ebndrojn\u00eb n\u00eb zemra tona. Zoti e preht\u00eb n\u00eb paqe<\/em>\u201d, tha kryebashkiaku i Gessopalena-s, Mario Zulli kur m\u00ebsoi lajmin e tmerrsh\u00ebm.<\/p>\n\n<div style=\"font-size: 0px; height: 0px; line-height: 0px; margin: 0; padding: 0; clear: both;\"><\/div>","protected":false},"excerpt":{"rendered":"<p>Nj\u00eb aksident tragjik ka ndodhur n\u00eb Gessopalena t\u00eb Italis\u00eb qendrore ku nj\u00eb shqiptar punonj\u00ebs bujq\u00ebsie, humbi jet\u00ebn n\u00eb nj\u00eb aksident t\u00eb r\u00ebnd\u00eb me traktor. Viktima \u00ebsht\u00eb identifikuar&#8230; <\/p>\n","protected":false},"author":1,"featured_media":0,"comment_status":"open","ping_status":"open","sticky":false,"template":"","format":"standard","meta":{"footnotes":""},"categories":[6],"tags":[],"class_list":["post-22865","post","type-post","status-publish","format-standard","hentry","category-lajme"],"_links":{"self":[{"href":"https:\/\/new.findnews5.com\/index.php?rest_route=\/wp\/v2\/posts\/22865","targetHints":{"allow":["GET"]}}],"collection":[{"href":"https:\/\/new.findnews5.com\/index.php?rest_route=\/wp\/v2\/posts"}],"about":[{"href":"https:\/\/new.findnews5.com\/index.php?rest_route=\/wp\/v2\/types\/post"}],"author":[{"embeddable":true,"href":"https:\/\/new.findnews5.com\/index.php?rest_route=\/wp\/v2\/users\/1"}],"replies":[{"embeddable":true,"href":"https:\/\/new.findnews5.com\/index.php?rest_route=%2Fwp%2Fv2%2Fcomments&post=22865"}],"version-history":[{"count":1,"href":"https:\/\/new.findnews5.com\/index.php?rest_route=\/wp\/v2\/posts\/22865\/revisions"}],"predecessor-version":[{"id":22866,"href":"https:\/\/new.findnews5.com\/index.php?rest_route=\/wp\/v2\/posts\/22865\/revisions\/22866"}],"wp:attachment":[{"href":"https:\/\/new.findnews5.com\/index.php?rest_route=%2Fwp%2Fv2%2Fmedia&parent=22865"}],"wp:term":[{"taxonomy":"category","embeddable":true,"href":"https:\/\/new.findnews5.com\/index.php?rest_route=%2Fwp%2Fv2%2Fcategories&post=22865"},{"taxonomy":"post_tag","embeddable":true,"href":"https:\/\/new.findnews5.com\/index.php?rest_route=%2Fwp%2Fv2%2Ftags&post=22865"}],"curies":[{"name":"wp","href":"https:\/\/api.w.org\/{rel}","templated":true}]}}