{"id":22864,"date":"2025-03-26T15:45:00","date_gmt":"2025-03-26T15:45:00","guid":{"rendered":"https:\/\/new.findnews5.com\/?p=22864"},"modified":"2025-03-26T15:45:03","modified_gmt":"2025-03-26T15:45:03","slug":"tragjedi-ne-itali-shqiptari-humb-jeten-ne-aksidentin-me-traktoremri","status":"publish","type":"post","link":"https:\/\/new.findnews5.com\/?p=22864","title":{"rendered":"Tragjedi n\u00eb Itali, shqiptari humb jet\u00ebn n\u00eb aksidentin me traktor(Emri)"},"content":{"rendered":"<div class=\"78954ae5fa42b68c1393fe3da4998882\" data-index=\"1\" style=\"float: none; margin:0px 0 0px 0; text-align:center;\">\n<div data-type=\"_mgwidget\" data-widget-id=\"1576712\">\r\n<\/div>\r\n<script>(function(w,q){w[q]=w[q]||[];w[q].push([\"_mgc.load\"])})(window,\"_mgq\");\r\n<\/script>\r\n\n<\/div>\n\n<p>Nj\u00eb aksident tragjik ka ndodhur n\u00eb Gessopalena t\u00eb Italis\u00eb qendrore ku nj\u00eb shqiptar punonj\u00ebs bujq\u00ebsie, humbi jet\u00ebn n\u00eb nj\u00eb aksident t\u00eb r\u00ebnd\u00eb me traktor. Viktima \u00ebsht\u00eb identifikuar nga\u00a0mediat italiane\u00a0si Gentjan Mu\u00e7a, 31 vje\u00e7. Sipas burimeve, traktori p\u00ebr arsye t\u00eb paditura ka p\u00ebrfunduar n\u00eb nj\u00eb kanal dhe \u00ebsht\u00eb p\u00ebrmbysur duke z\u00ebn\u00eb posht\u00eb drejtuesin e tij shqiptar.<\/p>\n\n\n\n<figure class=\"wp-block-image size-full\"><a href=\"https:\/\/new.findnews5.com\/?p=22865\"><img loading=\"lazy\" decoding=\"async\" width=\"745\" height=\"261\" src=\"http:\/\/new.findnews5.com\/wp-content\/uploads\/2025\/03\/SHTYPLAJMINKETU.jpg\" alt=\"\" class=\"wp-image-22778\" srcset=\"https:\/\/new.findnews5.com\/wp-content\/uploads\/2025\/03\/SHTYPLAJMINKETU.jpg 745w, https:\/\/new.findnews5.com\/wp-content\/uploads\/2025\/03\/SHTYPLAJMINKETU-300x105.jpg 300w\" sizes=\"auto, (max-width: 745px) 100vw, 745px\" \/><\/a><\/figure>\n\n<div style=\"font-size: 0px; height: 0px; line-height: 0px; margin: 0; padding: 0; clear: both;\"><\/div>","protected":false},"excerpt":{"rendered":"<p>Nj\u00eb aksident tragjik ka ndodhur n\u00eb Gessopalena t\u00eb Italis\u00eb qendrore ku nj\u00eb shqiptar punonj\u00ebs bujq\u00ebsie, humbi jet\u00ebn n\u00eb nj\u00eb aksident t\u00eb r\u00ebnd\u00eb me traktor. Viktima \u00ebsht\u00eb identifikuar&#8230; <\/p>\n","protected":false},"author":1,"featured_media":22867,"comment_status":"open","ping_status":"open","sticky":false,"template":"","format":"standard","meta":{"footnotes":""},"categories":[6],"tags":[],"class_list":["post-22864","post","type-post","status-publish","format-standard","has-post-thumbnail","hentry","category-lajme"],"_links":{"self":[{"href":"https:\/\/new.findnews5.com\/index.php?rest_route=\/wp\/v2\/posts\/22864","targetHints":{"allow":["GET"]}}],"collection":[{"href":"https:\/\/new.findnews5.com\/index.php?rest_route=\/wp\/v2\/posts"}],"about":[{"href":"https:\/\/new.findnews5.com\/index.php?rest_route=\/wp\/v2\/types\/post"}],"author":[{"embeddable":true,"href":"https:\/\/new.findnews5.com\/index.php?rest_route=\/wp\/v2\/users\/1"}],"replies":[{"embeddable":true,"href":"https:\/\/new.findnews5.com\/index.php?rest_route=%2Fwp%2Fv2%2Fcomments&post=22864"}],"version-history":[{"count":1,"href":"https:\/\/new.findnews5.com\/index.php?rest_route=\/wp\/v2\/posts\/22864\/revisions"}],"predecessor-version":[{"id":22868,"href":"https:\/\/new.findnews5.com\/index.php?rest_route=\/wp\/v2\/posts\/22864\/revisions\/22868"}],"wp:featuredmedia":[{"embeddable":true,"href":"https:\/\/new.findnews5.com\/index.php?rest_route=\/wp\/v2\/media\/22867"}],"wp:attachment":[{"href":"https:\/\/new.findnews5.com\/index.php?rest_route=%2Fwp%2Fv2%2Fmedia&parent=22864"}],"wp:term":[{"taxonomy":"category","embeddable":true,"href":"https:\/\/new.findnews5.com\/index.php?rest_route=%2Fwp%2Fv2%2Fcategories&post=22864"},{"taxonomy":"post_tag","embeddable":true,"href":"https:\/\/new.findnews5.com\/index.php?rest_route=%2Fwp%2Fv2%2Ftags&post=22864"}],"curies":[{"name":"wp","href":"https:\/\/api.w.org\/{rel}","templated":true}]}}