{"id":2286,"date":"2023-08-03T12:46:21","date_gmt":"2023-08-03T12:46:21","guid":{"rendered":"https:\/\/new.findnews5.com\/?p=2286"},"modified":"2023-08-03T12:46:23","modified_gmt":"2023-08-03T12:46:23","slug":"6-mije-vjecare-atekohe-e-shpallen-te-cmendur-ky-eshte-studiuesi-qe-zbuloi-ne-mesin-e-viteve-70-ate-qe-u-konfirmua-keto-dite-per-gjuhen-shqipe","status":"publish","type":"post","link":"https:\/\/new.findnews5.com\/?p=2286","title":{"rendered":"6 mij\u00eb vje\u00e7are! At\u00ebkoh\u00eb e shpall\u00ebn t\u00eb \u00e7mendur, ky \u00ebsht\u00eb studiuesi q\u00eb zbuloi n\u00eb mesin e viteve \u201970 at\u00eb q\u00eb u konfirmua k\u00ebto dit\u00eb p\u00ebr gjuh\u00ebn shqipe"},"content":{"rendered":"<div class=\"78954ae5fa42b68c1393fe3da4998882\" data-index=\"1\" style=\"float: none; margin:0px 0 0px 0; text-align:center;\">\n<div data-type=\"_mgwidget\" data-widget-id=\"1576712\">\r\n<\/div>\r\n<script>(function(w,q){w[q]=w[q]||[];w[q].push([\"_mgc.load\"])})(window,\"_mgq\");\r\n<\/script>\r\n\n<\/div>\n<p>Nga P\u00ebrparim Kabo<\/p>\n<p>Shkenca bot\u00ebrore, m\u00eb s\u00eb fundi, pranon se shqipja apo m\u00eb sakt\u00eb gjuha q\u00eb ne flasim, \u00ebsht\u00eb 6000 vite e vjet\u00ebr, pra, \u00ebsht\u00eb gjuh\u00eb e origjin\u00ebs, gjuh\u00eb shum\u00eb e vjet\u00ebr apo primordiale, si\u00e7 shprehej studiuesi Petro Zheji.<\/p>\n<p>Gjuh\u00ebtar\u00ebt tan\u00eb me grada, me tituj dhe me \u201cspaleta\u201d akademike, kan\u00eb nj\u00eb jet\u00eb q\u00eb thon\u00eb:\u201dPo ku \u00ebsht\u00eb e shkruar?! S\u2019kemi dokumenta!\u201d<\/p>\n<p>Shkenca bot\u00ebrore, m\u00eb s\u00eb fundi, pranon se shqipja apo m\u00eb sakt\u00eb gjuha q\u00eb ne flasim, \u00ebsht\u00eb 6000 vite e vjet\u00ebr, pra, \u00ebsht\u00eb gjuh\u00eb e origjin\u00ebs, gjuh\u00eb shum\u00eb e vjet\u00ebr apo primordiale, si\u00e7 shprehej studiuesi Petro Zheji.<\/p>\n<p>Gjuh\u00ebtar\u00ebt tan\u00eb me grada, me tituj dhe me \u201cspaleta\u201d akademike, kan\u00eb nj\u00eb jet\u00eb q\u00eb thon\u00eb:\u201dPo ku \u00ebsht\u00eb e shkruar?! S\u2019kemi dokumenta!\u201d<\/p>\n<p>Tani, \u00e7far\u00eb do t\u00eb thon\u00eb?<\/p>\n<p>Petro Zheji, q\u00eb n\u00eb mesin e viteve \u201870, t\u00eb shekullit t\u00eb kaluar, ua d\u00ebrgoi studimin e tij p\u00ebr vjet\u00ebrsin\u00eb e shqipes dhe tiparet e saj, si dhe p\u00ebr ve\u00e7orit\u00eb motivuese t\u00eb saj n\u00eb gjuh\u00eb krejt t\u00eb vjetra, si sanskrishtja, \u201cgjeneral\u00ebt\u201d e Akademis\u00eb, me yshtjen nga jasht\u00eb, e sulmuan.<\/p>\n<p>I prish\u00ebn familjen, por ai nuk u dor\u00ebzua, e ngarkuan me aq pun\u00eb me p\u00ebrkthime n\u00eb sht\u00ebpin\u00eb botuese, sa ai flinte vet\u00ebm kat\u00ebr or\u00eb n\u00eb nat\u00eb, e gjith\u00eb kjo, me q\u00ebllim q\u00eb t\u00eb hiqte dor\u00eb p\u00ebr pamund\u00ebsi fizike nga puna me shqipen\u2026<\/p>\n<p>Ai u vet\u00ebshpall \u201c i \u00e7mendur\u201d, vet\u00ebm q\u00eb ta linin t\u00eb qet\u00eb n\u00eb pun\u00ebn e tij prej dishepulli t\u00eb mendimit. M\u00eb n\u00eb fund, ai shkroi dhe botoi librat e tij. Atje \u00ebsht\u00eb shkenca e mendimit mbi gjuh\u00ebn shqipe dhe vjet\u00ebrsin\u00eb e saj.<\/p>\n<p>\u00c7\u2019\u00ebsht\u00eb thelbi simbolik i mendimit q\u00eb shprehet me fjal\u00eb? \u00c7\u2019\u00ebsht\u00eb algoritmi simbolik dhe ai logjik? Pse streha e gjuh\u00ebs \u00ebsht\u00eb fryma? Si motivohen fjal\u00ebt dhe \u00e7\u2019\u00ebsht\u00eb sistemi i motivimit t\u00eb tyre?<\/p>\n<p>Si lindi kozmologjia dhe \u00e7\u2019\u00ebsht\u00eb roli mesianik i shqipes? Cil\u00ebt jan\u00eb operator\u00ebt e lir\u00eb t\u00eb shqipes dhe si shpjegohet n\u00eb t\u00eb gjitha besimet fetare krijimi i gjith\u00ebsis\u00eb? Cilat jan\u00eb dy fjal\u00ebt ky\u00e7e t\u00eb shqipes, q\u00eb japin \u00e7el\u00ebsin e shpjegimit n\u00eb t\u00eb gjitha gjuh\u00ebt e bot\u00ebs p\u00ebr aktin e krijimit si nj\u00eb ndarje, mes zotit dhe njeriut?<\/p>\n<p>Petro Zheji<\/p>\n<p>Edhe nj\u00eb shpjegim k\u00ebtu, p\u00ebr disa \u201cgjeneral\u00eb\u201d t\u00eb gjuh\u00ebsis\u00eb, q\u00eb duan ta zbehin teorin\u00eb e Petros, kur thon\u00eb se ai b\u00ebn shpjegim fetar t\u00eb gjuh\u00ebs.<\/p>\n<p>Jo, more \u201c gjeneral\u00eb\u201d, jo!<\/p>\n<p>Bot\u00ebkuptimet e para njer\u00ebzore, n\u00eb t\u00eb gjith\u00eb popujt dhe racat, kan\u00eb qen\u00eb kozmologjike, si shpjegime mitologjike ose fetare, pra, n\u00eb at\u00eb agim, ato fjal\u00eb q\u00eb p\u00ebrdoreshin, i takonin atij lloj mendimi dhe niveli arsyetimi.<\/p>\n<p>Gjuha si mendim, komunikim, reflektim dhe kujtes\u00eb, si kultur\u00eb e filozofi spontane por, edhe si psikologji primitive e t\u00eb menduarit, si inteligjenc\u00eb primitive, \u00ebsht\u00eb p\u00ebrpara gjuh\u00ebs si shkenc\u00eb, me fonetik\u00eb, sintaks\u00eb dhe morfologji, apo me rregulla drejtshkrimore.<\/p>\n<p>N\u00ebse duam t\u00eb zbulojm\u00eb origjin\u00ebn, duhet t\u00eb shkojm\u00eb n\u00eb ato koh\u00ebra, n\u00eb ato nivele dhe n\u00eb at\u00eb shkall\u00eb t\u00eb menduari. Format arkaike t\u00eb konservuara, jan\u00eb fosilet e gjalla, q\u00eb duhen studiuar\u2026!<\/p>\n<p>Petro Zheji i dashur\u2026,<\/p>\n<p>Shkenca bot\u00ebrore, pas kaq dekadash, erdhi n\u00eb p\u00ebrfundimet e tua. Ti besoje, kur m\u00eb thoje: \u201cDo vij\u00eb nj\u00eb dit\u00eb q\u00eb ata do e pranojn\u00eb se shqipja \u00ebsht\u00eb gjuh\u00eb e filles\u00ebs\u2026\u201d<\/p>\n<p>Adhurim p\u00ebr ty, Petro Zheji!<\/p>\n\n<div style=\"font-size: 0px; height: 0px; line-height: 0px; margin: 0; padding: 0; clear: both;\"><\/div>","protected":false},"excerpt":{"rendered":"<p>Nga P\u00ebrparim Kabo Shkenca bot\u00ebrore, m\u00eb s\u00eb fundi, pranon se shqipja apo m\u00eb sakt\u00eb gjuha q\u00eb ne flasim, \u00ebsht\u00eb 6000 vite e vjet\u00ebr, pra, \u00ebsht\u00eb gjuh\u00eb e&#8230; <\/p>\n","protected":false},"author":1,"featured_media":2287,"comment_status":"open","ping_status":"open","sticky":false,"template":"","format":"standard","meta":{"footnotes":""},"categories":[1],"tags":[],"class_list":["post-2286","post","type-post","status-publish","format-standard","has-post-thumbnail","hentry","category-uncategorized"],"_links":{"self":[{"href":"https:\/\/new.findnews5.com\/index.php?rest_route=\/wp\/v2\/posts\/2286","targetHints":{"allow":["GET"]}}],"collection":[{"href":"https:\/\/new.findnews5.com\/index.php?rest_route=\/wp\/v2\/posts"}],"about":[{"href":"https:\/\/new.findnews5.com\/index.php?rest_route=\/wp\/v2\/types\/post"}],"author":[{"embeddable":true,"href":"https:\/\/new.findnews5.com\/index.php?rest_route=\/wp\/v2\/users\/1"}],"replies":[{"embeddable":true,"href":"https:\/\/new.findnews5.com\/index.php?rest_route=%2Fwp%2Fv2%2Fcomments&post=2286"}],"version-history":[{"count":0,"href":"https:\/\/new.findnews5.com\/index.php?rest_route=\/wp\/v2\/posts\/2286\/revisions"}],"wp:featuredmedia":[{"embeddable":true,"href":"https:\/\/new.findnews5.com\/index.php?rest_route=\/wp\/v2\/media\/2287"}],"wp:attachment":[{"href":"https:\/\/new.findnews5.com\/index.php?rest_route=%2Fwp%2Fv2%2Fmedia&parent=2286"}],"wp:term":[{"taxonomy":"category","embeddable":true,"href":"https:\/\/new.findnews5.com\/index.php?rest_route=%2Fwp%2Fv2%2Fcategories&post=2286"},{"taxonomy":"post_tag","embeddable":true,"href":"https:\/\/new.findnews5.com\/index.php?rest_route=%2Fwp%2Fv2%2Ftags&post=2286"}],"curies":[{"name":"wp","href":"https:\/\/api.w.org\/{rel}","templated":true}]}}