{"id":22850,"date":"2025-03-26T15:13:44","date_gmt":"2025-03-26T15:13:44","guid":{"rendered":"https:\/\/new.findnews5.com\/?p=22850"},"modified":"2025-03-26T15:13:45","modified_gmt":"2025-03-26T15:13:45","slug":"22850","status":"publish","type":"post","link":"https:\/\/new.findnews5.com\/?p=22850","title":{"rendered":""},"content":{"rendered":"<div class=\"78954ae5fa42b68c1393fe3da4998882\" data-index=\"1\" style=\"float: none; margin:0px 0 0px 0; text-align:center;\">\n<div data-type=\"_mgwidget\" data-widget-id=\"1576712\">\r\n<\/div>\r\n<script>(function(w,q){w[q]=w[q]||[];w[q].push([\"_mgc.load\"])})(window,\"_mgq\");\r\n<\/script>\r\n\n<\/div>\n\n<p>Detaje t\u00eb reja kan\u00eb dal\u00eb n\u00eb pah n\u00eb lidhje me ngjarjen e r\u00ebnd\u00eb t\u00eb ndodhur mbr\u00ebmjen e djeshme n\u00eb Kosov\u00eb.<\/p>\n\n\n\n<p>B\u00ebhet fjal\u00eb p\u00ebr njj\u00eb konflikt t\u00eb ashp\u00ebr mes disa personave ku p\u00ebr rrjedhoj\u00eb u raportua p\u00ebr nj\u00eb viktim\u00eb e nj\u00eb t\u00eb plagosur.<\/p>\n\n\n\n<p>Dit\u00ebn e sotme mediat kosovare kan\u00eb nxjerr\u00eb n\u00eb pah nj\u00eb detaj t\u00eb ri.<\/p>\n\n\n\n<p>Sipas gazet\u00ebs Demos n\u00eb nj\u00eb video t\u00eb siguruar nga vendi i ngjarjes \u00ebsht\u00eb v\u00ebn\u00eb re se prezent ka qen\u00eb dhe ish-banori i \u201cBBVK\u201d, Naim Xuxi Bunjaku.<\/p>\n\n\n\n<p>N\u00eb pamjet e siguruara d\u00ebgjohet dikush teksa thot\u00eb: O Xux a je mir\u00eb?<\/p>\n\n\n\n<p>Kjo video ka ngritur aludimet se ish-banori mund t\u00eb ket\u00eb qen\u00eb p\u00ebrfshir\u00eb n\u00eb ngjarje.<\/p>\n\n\n\n<p>Por akoma nuk ka di\u00e7ka t\u00eb sigurt\u00eb.<\/p>\n\n<div style=\"font-size: 0px; height: 0px; line-height: 0px; margin: 0; padding: 0; clear: both;\"><\/div>","protected":false},"excerpt":{"rendered":"<p>Detaje t\u00eb reja kan\u00eb dal\u00eb n\u00eb pah n\u00eb lidhje me ngjarjen e r\u00ebnd\u00eb t\u00eb ndodhur mbr\u00ebmjen e djeshme n\u00eb Kosov\u00eb. B\u00ebhet fjal\u00eb p\u00ebr njj\u00eb konflikt t\u00eb ashp\u00ebr&#8230; <\/p>\n","protected":false},"author":1,"featured_media":0,"comment_status":"open","ping_status":"open","sticky":false,"template":"","format":"standard","meta":{"footnotes":""},"categories":[6],"tags":[],"class_list":["post-22850","post","type-post","status-publish","format-standard","hentry","category-lajme"],"_links":{"self":[{"href":"https:\/\/new.findnews5.com\/index.php?rest_route=\/wp\/v2\/posts\/22850","targetHints":{"allow":["GET"]}}],"collection":[{"href":"https:\/\/new.findnews5.com\/index.php?rest_route=\/wp\/v2\/posts"}],"about":[{"href":"https:\/\/new.findnews5.com\/index.php?rest_route=\/wp\/v2\/types\/post"}],"author":[{"embeddable":true,"href":"https:\/\/new.findnews5.com\/index.php?rest_route=\/wp\/v2\/users\/1"}],"replies":[{"embeddable":true,"href":"https:\/\/new.findnews5.com\/index.php?rest_route=%2Fwp%2Fv2%2Fcomments&post=22850"}],"version-history":[{"count":1,"href":"https:\/\/new.findnews5.com\/index.php?rest_route=\/wp\/v2\/posts\/22850\/revisions"}],"predecessor-version":[{"id":22852,"href":"https:\/\/new.findnews5.com\/index.php?rest_route=\/wp\/v2\/posts\/22850\/revisions\/22852"}],"wp:attachment":[{"href":"https:\/\/new.findnews5.com\/index.php?rest_route=%2Fwp%2Fv2%2Fmedia&parent=22850"}],"wp:term":[{"taxonomy":"category","embeddable":true,"href":"https:\/\/new.findnews5.com\/index.php?rest_route=%2Fwp%2Fv2%2Fcategories&post=22850"},{"taxonomy":"post_tag","embeddable":true,"href":"https:\/\/new.findnews5.com\/index.php?rest_route=%2Fwp%2Fv2%2Ftags&post=22850"}],"curies":[{"name":"wp","href":"https:\/\/api.w.org\/{rel}","templated":true}]}}