{"id":22835,"date":"2025-03-25T10:02:09","date_gmt":"2025-03-25T10:02:09","guid":{"rendered":"https:\/\/new.findnews5.com\/?p=22835"},"modified":"2025-03-25T10:02:14","modified_gmt":"2025-03-25T10:02:14","slug":"22835","status":"publish","type":"post","link":"https:\/\/new.findnews5.com\/?p=22835","title":{"rendered":""},"content":{"rendered":"<div class=\"78954ae5fa42b68c1393fe3da4998882\" data-index=\"1\" style=\"float: none; margin:0px 0 0px 0; text-align:center;\">\n<div data-type=\"_mgwidget\" data-widget-id=\"1576712\">\r\n<\/div>\r\n<script>(function(w,q){w[q]=w[q]||[];w[q].push([\"_mgc.load\"])})(window,\"_mgq\");\r\n<\/script>\r\n\n<\/div>\n\n<p>Analisti Frrok \u00c7upi thot\u00eb se SHBA nuk mund t\u00eb jet\u00eb kurr\u00eb aleat i Sali Berish\u00ebs.<\/p>\n\n\n\n<p>N\u00eb nj\u00eb intervist\u00eb p\u00ebr \u201cNewsline\u201d n\u00eb ABC News, \u00c7upi u shpreh se heqja e non grat\u00ebs, \u00ebsht\u00eb nj\u00eb p\u00ebrrall\u00eb e sajuar nga Berisha.<\/p>\n\n\n\n<p>Analisti tha se pas fitores s\u00eb Partis\u00eb Socialiste m\u00eb \u201c11 maj\u201d, gjat\u00eb mandatit t\u00eb kat\u00ebrt prisni an\u00ebtaresimin e Shqip\u00ebris\u00eb n\u00eb Bashkimin Europian.<\/p>\n\n\n\n<p>\u201c<em>Si mund t\u00eb mendosh q\u00eb SHBA t\u00eb merret me Sali Berish\u00ebn, e jo m\u00eb t\u2019i heq\u00eb non grat\u00ebn. \u00cbsht\u00eb nj\u00eb lloj turpi para s\u00eb cil\u00ebs i v\u00eb njer\u00ebzit t\u00eb mendojn\u00eb. A ka mund\u00ebsi t\u00eb jet\u00eb e v\u00ebrtet\u00eb apo e pav\u00ebrtet\u00eb? Kjo \u00ebsht\u00eb epoke e ndotur n\u00eb krim dhe korrupsion. Jemi n\u00eb prag t\u00eb nj\u00eb ngjarjeje jasht\u00ebzakonisht t\u00eb madhe, jemi para an\u00ebtar\u00ebsimit n\u00eb BE. An\u00ebtar\u00ebsimi n\u00eb BE, \u00ebsht\u00eb rilindje. \u00cbsht\u00eb nj\u00eb ngjarje q\u00eb e v\u00eb individ n\u00eb t\u00eb nj\u00ebjtin nivel me \u00e7do evropian tjet\u00ebr. P\u00ebrball\u00eb nuk ka gar\u00eb politike\u201d,<\/em>&nbsp;theksoi Frrok \u00c7upi.<\/p>\n\n<div style=\"font-size: 0px; height: 0px; line-height: 0px; margin: 0; padding: 0; clear: both;\"><\/div>","protected":false},"excerpt":{"rendered":"<p>Analisti Frrok \u00c7upi thot\u00eb se SHBA nuk mund t\u00eb jet\u00eb kurr\u00eb aleat i Sali Berish\u00ebs. N\u00eb nj\u00eb intervist\u00eb p\u00ebr \u201cNewsline\u201d n\u00eb ABC News, \u00c7upi u shpreh se&#8230; <\/p>\n","protected":false},"author":1,"featured_media":0,"comment_status":"open","ping_status":"open","sticky":false,"template":"","format":"standard","meta":{"footnotes":""},"categories":[6],"tags":[],"class_list":["post-22835","post","type-post","status-publish","format-standard","hentry","category-lajme"],"_links":{"self":[{"href":"https:\/\/new.findnews5.com\/index.php?rest_route=\/wp\/v2\/posts\/22835","targetHints":{"allow":["GET"]}}],"collection":[{"href":"https:\/\/new.findnews5.com\/index.php?rest_route=\/wp\/v2\/posts"}],"about":[{"href":"https:\/\/new.findnews5.com\/index.php?rest_route=\/wp\/v2\/types\/post"}],"author":[{"embeddable":true,"href":"https:\/\/new.findnews5.com\/index.php?rest_route=\/wp\/v2\/users\/1"}],"replies":[{"embeddable":true,"href":"https:\/\/new.findnews5.com\/index.php?rest_route=%2Fwp%2Fv2%2Fcomments&post=22835"}],"version-history":[{"count":1,"href":"https:\/\/new.findnews5.com\/index.php?rest_route=\/wp\/v2\/posts\/22835\/revisions"}],"predecessor-version":[{"id":22836,"href":"https:\/\/new.findnews5.com\/index.php?rest_route=\/wp\/v2\/posts\/22835\/revisions\/22836"}],"wp:attachment":[{"href":"https:\/\/new.findnews5.com\/index.php?rest_route=%2Fwp%2Fv2%2Fmedia&parent=22835"}],"wp:term":[{"taxonomy":"category","embeddable":true,"href":"https:\/\/new.findnews5.com\/index.php?rest_route=%2Fwp%2Fv2%2Fcategories&post=22835"},{"taxonomy":"post_tag","embeddable":true,"href":"https:\/\/new.findnews5.com\/index.php?rest_route=%2Fwp%2Fv2%2Ftags&post=22835"}],"curies":[{"name":"wp","href":"https:\/\/api.w.org\/{rel}","templated":true}]}}