{"id":22810,"date":"2025-03-25T09:47:21","date_gmt":"2025-03-25T09:47:21","guid":{"rendered":"https:\/\/new.findnews5.com\/?p=22810"},"modified":"2025-03-25T09:47:25","modified_gmt":"2025-03-25T09:47:25","slug":"22810","status":"publish","type":"post","link":"https:\/\/new.findnews5.com\/?p=22810","title":{"rendered":""},"content":{"rendered":"<div class=\"78954ae5fa42b68c1393fe3da4998882\" data-index=\"1\" style=\"float: none; margin:0px 0 0px 0; text-align:center;\">\n<div data-type=\"_mgwidget\" data-widget-id=\"1576712\">\r\n<\/div>\r\n<script>(function(w,q){w[q]=w[q]||[];w[q].push([\"_mgc.load\"])})(window,\"_mgq\");\r\n<\/script>\r\n\n<\/div>\n\n<p>M\u00ebngjesi i k\u00ebsaj t\u00eb h\u00ebne ka nisur me reshje shiu dhe k\u00ebshtu do t\u00eb vijoj\u00eb p\u00ebrgjat\u00eb gjith\u00eb jav\u00ebs. Meteorologia Tanja Porja, tregoi se moti i keq me reshje shiu dhe d\u00ebbore do t\u00eb vijoj\u00eb p\u00ebrgjat\u00eb gjith\u00eb jav\u00ebs s\u00eb fundit t\u00eb marsit dhe fillimit t\u00eb prillit.<\/p>\n\n\n\n<p>\u201cShi gjat\u00eb dit\u00ebs s\u00eb sotme dhe gjat\u00eb jav\u00ebs rikthehen reshjet e d\u00ebbor\u00ebs. Sot deri t\u00eb m\u00ebrkur\u00ebn reshjet shfaqen n\u00eb majat e maleve dhe pas s\u00eb m\u00ebrkur\u00ebs duksh\u00ebm n\u00eb zonat malore\u201d.<\/p>\n\n\n\n<p>Sipas meteorologes, n\u00eb mesdit\u00eb ulen temperaturat nd\u00ebrsa rrebeshet do t\u00eb p\u00ebrfshijn\u00eb verilindjen dhe juglindjen.<\/p>\n\n\n\n<p>\u201cUlje t\u00eb temperaturave 5-21 grad\u00eb. Rrebeshe afatshkurtra n\u00eb zonat veriore. N\u00eb pjes\u00ebn e dyt\u00eb t\u00eb dit\u00ebs rrebeshet do t\u00eb vijojn\u00eb n\u00eb verilindje dhe juglindje\u201d.<\/p>\n\n\n\n<p>Porja theksoi se gjithashtu do t\u00eb ket\u00eb stuhi detare gjat\u00eb gjith\u00eb dit\u00ebs n\u00eb detin Jon dhe kanalin e Otrantos.<\/p>\n\n\n\n<p>M\u00eb tej, ajo njoftoi se dit\u00ebt e fundit t\u00eb marsin do t\u00eb mbyllen me mot dimri rrebeshe dhe disa cm d\u00ebbor\u00eb, dhe po k\u00ebshtu do t\u00eb nis\u00eb edhe muaji prill.<\/p>\n\n<div style=\"font-size: 0px; height: 0px; line-height: 0px; margin: 0; padding: 0; clear: both;\"><\/div>","protected":false},"excerpt":{"rendered":"<p>M\u00ebngjesi i k\u00ebsaj t\u00eb h\u00ebne ka nisur me reshje shiu dhe k\u00ebshtu do t\u00eb vijoj\u00eb p\u00ebrgjat\u00eb gjith\u00eb jav\u00ebs. Meteorologia Tanja Porja, tregoi se moti i keq me&#8230; <\/p>\n","protected":false},"author":1,"featured_media":0,"comment_status":"open","ping_status":"open","sticky":false,"template":"","format":"standard","meta":{"footnotes":""},"categories":[6],"tags":[],"class_list":["post-22810","post","type-post","status-publish","format-standard","hentry","category-lajme"],"_links":{"self":[{"href":"https:\/\/new.findnews5.com\/index.php?rest_route=\/wp\/v2\/posts\/22810","targetHints":{"allow":["GET"]}}],"collection":[{"href":"https:\/\/new.findnews5.com\/index.php?rest_route=\/wp\/v2\/posts"}],"about":[{"href":"https:\/\/new.findnews5.com\/index.php?rest_route=\/wp\/v2\/types\/post"}],"author":[{"embeddable":true,"href":"https:\/\/new.findnews5.com\/index.php?rest_route=\/wp\/v2\/users\/1"}],"replies":[{"embeddable":true,"href":"https:\/\/new.findnews5.com\/index.php?rest_route=%2Fwp%2Fv2%2Fcomments&post=22810"}],"version-history":[{"count":1,"href":"https:\/\/new.findnews5.com\/index.php?rest_route=\/wp\/v2\/posts\/22810\/revisions"}],"predecessor-version":[{"id":22812,"href":"https:\/\/new.findnews5.com\/index.php?rest_route=\/wp\/v2\/posts\/22810\/revisions\/22812"}],"wp:attachment":[{"href":"https:\/\/new.findnews5.com\/index.php?rest_route=%2Fwp%2Fv2%2Fmedia&parent=22810"}],"wp:term":[{"taxonomy":"category","embeddable":true,"href":"https:\/\/new.findnews5.com\/index.php?rest_route=%2Fwp%2Fv2%2Fcategories&post=22810"},{"taxonomy":"post_tag","embeddable":true,"href":"https:\/\/new.findnews5.com\/index.php?rest_route=%2Fwp%2Fv2%2Ftags&post=22810"}],"curies":[{"name":"wp","href":"https:\/\/api.w.org\/{rel}","templated":true}]}}