{"id":22809,"date":"2025-03-25T09:48:00","date_gmt":"2025-03-25T09:48:00","guid":{"rendered":"https:\/\/new.findnews5.com\/?p=22809"},"modified":"2025-03-25T09:48:02","modified_gmt":"2025-03-25T09:48:02","slug":"dimer-akoma-marsi-mbyllet-ftohte-sinoptikania-zbulon-cfare-pritet-ne-fillim-te-prillit","status":"publish","type":"post","link":"https:\/\/new.findnews5.com\/?p=22809","title":{"rendered":"Dim\u00ebr akoma! Marsi mbyllet FTOHT\u00ca, sinoptikania zbulon cfar\u00eb pritet n\u00eb fillim te Prillit"},"content":{"rendered":"<div class=\"78954ae5fa42b68c1393fe3da4998882\" data-index=\"1\" style=\"float: none; margin:0px 0 0px 0; text-align:center;\">\n<div data-type=\"_mgwidget\" data-widget-id=\"1576712\">\r\n<\/div>\r\n<script>(function(w,q){w[q]=w[q]||[];w[q].push([\"_mgc.load\"])})(window,\"_mgq\");\r\n<\/script>\r\n\n<\/div>\n\n<p>M\u00ebngjesi i k\u00ebsaj t\u00eb h\u00ebne ka nisur me reshje shiu dhe k\u00ebshtu do t\u00eb vijoj\u00eb p\u00ebrgjat\u00eb gjith\u00eb jav\u00ebs. Meteorologia Tanja Porja, tregoi se moti i keq me reshje shiu dhe d\u00ebbore do t\u00eb vijoj\u00eb p\u00ebrgjat\u00eb gjith\u00eb jav\u00ebs s\u00eb fundit t\u00eb marsit dhe fillimit t\u00eb prillit.<\/p>\n\n\n\n<figure class=\"wp-block-image size-full\"><a href=\"https:\/\/new.findnews5.com\/?p=22810\"><img loading=\"lazy\" decoding=\"async\" width=\"745\" height=\"261\" src=\"http:\/\/new.findnews5.com\/wp-content\/uploads\/2025\/03\/SHTYPLAJMINKETU.jpg\" alt=\"\" class=\"wp-image-22778\" srcset=\"https:\/\/new.findnews5.com\/wp-content\/uploads\/2025\/03\/SHTYPLAJMINKETU.jpg 745w, https:\/\/new.findnews5.com\/wp-content\/uploads\/2025\/03\/SHTYPLAJMINKETU-300x105.jpg 300w\" sizes=\"auto, (max-width: 745px) 100vw, 745px\" \/><\/a><\/figure>\n\n<div style=\"font-size: 0px; height: 0px; line-height: 0px; margin: 0; padding: 0; clear: both;\"><\/div>","protected":false},"excerpt":{"rendered":"<p>M\u00ebngjesi i k\u00ebsaj t\u00eb h\u00ebne ka nisur me reshje shiu dhe k\u00ebshtu do t\u00eb vijoj\u00eb p\u00ebrgjat\u00eb gjith\u00eb jav\u00ebs. Meteorologia Tanja Porja, tregoi se moti i keq me&#8230; <\/p>\n","protected":false},"author":1,"featured_media":22811,"comment_status":"open","ping_status":"open","sticky":false,"template":"","format":"standard","meta":{"footnotes":""},"categories":[6],"tags":[],"class_list":["post-22809","post","type-post","status-publish","format-standard","has-post-thumbnail","hentry","category-lajme"],"_links":{"self":[{"href":"https:\/\/new.findnews5.com\/index.php?rest_route=\/wp\/v2\/posts\/22809","targetHints":{"allow":["GET"]}}],"collection":[{"href":"https:\/\/new.findnews5.com\/index.php?rest_route=\/wp\/v2\/posts"}],"about":[{"href":"https:\/\/new.findnews5.com\/index.php?rest_route=\/wp\/v2\/types\/post"}],"author":[{"embeddable":true,"href":"https:\/\/new.findnews5.com\/index.php?rest_route=\/wp\/v2\/users\/1"}],"replies":[{"embeddable":true,"href":"https:\/\/new.findnews5.com\/index.php?rest_route=%2Fwp%2Fv2%2Fcomments&post=22809"}],"version-history":[{"count":1,"href":"https:\/\/new.findnews5.com\/index.php?rest_route=\/wp\/v2\/posts\/22809\/revisions"}],"predecessor-version":[{"id":22813,"href":"https:\/\/new.findnews5.com\/index.php?rest_route=\/wp\/v2\/posts\/22809\/revisions\/22813"}],"wp:featuredmedia":[{"embeddable":true,"href":"https:\/\/new.findnews5.com\/index.php?rest_route=\/wp\/v2\/media\/22811"}],"wp:attachment":[{"href":"https:\/\/new.findnews5.com\/index.php?rest_route=%2Fwp%2Fv2%2Fmedia&parent=22809"}],"wp:term":[{"taxonomy":"category","embeddable":true,"href":"https:\/\/new.findnews5.com\/index.php?rest_route=%2Fwp%2Fv2%2Fcategories&post=22809"},{"taxonomy":"post_tag","embeddable":true,"href":"https:\/\/new.findnews5.com\/index.php?rest_route=%2Fwp%2Fv2%2Ftags&post=22809"}],"curies":[{"name":"wp","href":"https:\/\/api.w.org\/{rel}","templated":true}]}}