{"id":22803,"date":"2025-03-25T09:43:34","date_gmt":"2025-03-25T09:43:34","guid":{"rendered":"https:\/\/new.findnews5.com\/?p=22803"},"modified":"2025-03-25T09:43:37","modified_gmt":"2025-03-25T09:43:37","slug":"nena-e-tij-u-vr-nga-pronari-i-furres-se-bukes-djali-i-saj-ben-veprimin-qe-do-u-mbush-ne-lot-ja-cfare-thote","status":"publish","type":"post","link":"https:\/\/new.findnews5.com\/?p=22803","title":{"rendered":"N\u00ebna e tij u vr* nga pronari i furr\u00ebs s\u00eb buk\u00ebs, djali i saj b\u00ebn veprimin qe do u mbush ne lot! Ja \u00e7far\u00eb thot\u00eb"},"content":{"rendered":"<div class=\"78954ae5fa42b68c1393fe3da4998882\" data-index=\"1\" style=\"float: none; margin:0px 0 0px 0; text-align:center;\">\n<div data-type=\"_mgwidget\" data-widget-id=\"1576712\">\r\n<\/div>\r\n<script>(function(w,q){w[q]=w[q]||[];w[q].push([\"_mgc.load\"])})(window,\"_mgq\");\r\n<\/script>\r\n\n<\/div>\n\n<p>Nj\u00eb ngjarje tragjike ka ndodhur pasditen e sotme n\u00eb fshatin Stanovc t\u00eb Vushtrris\u00eb. Nj\u00eb grua u vra me arm\u00eb zjarri nga ish-shefi i saj e m\u00eb pas dorasi b\u00ebri vet\u00ebvrasje.<\/p>\n\n\n\n<p>Gruaja e vrar\u00eb \u00ebsht\u00eb 42 vje\u00e7arja, Nexhmie Musliu Haradini. Ajo u vra me arm\u00eb zjarri nga Arsim Morina, pronari i furr\u00ebs \u201cDiellza\u201d ku kishe punuar m\u00eb her\u00ebt e ndjera.<\/p>\n\n\n\n<p>Ajo ka qen\u00eb e martuar dhe ka l\u00ebn\u00eb pas vet\u00ebs tre f\u00ebmij\u00eb. Dy vajza dhe nj\u00eb djal\u00eb. Djali \u00ebsht\u00eb i mosh\u00ebs 18 vje\u00e7are nd\u00ebrsa dy vajzat me t\u00eb vogla. E me vrasjen e Nexhmie Haradinit, ka reaguar edhe djali i saj, Alaudin Haradini.<\/p>\n\n\n\n<p>\u201cInshaAllah n\u2019Xhenet Nana jem\u201d, ka shkruar ai.<\/p>\n\n\n\n<p>Ajo \u00ebsht\u00eb vrar\u00eb me arm\u00eb zjarri nga Arsim Morina, cili m\u00eb pas vrau veten. Ai \u00ebsht\u00eb pronari i furr\u00ebs \u201cDiellza\u201d ku kishte punuar m\u00eb her\u00ebt gruaja e vrar\u00eb. Dy viktimat nuk kan\u00eb asnj\u00eb lidhje familjare p\u00ebrve\u00e7 faktit se e ndjera ka qen\u00eb pun\u00ebtore n\u00eb furr\u00ebn \u201cDiellza\u201d.<\/p>\n\n\n\n<p>Insajderi m\u00ebson se ajo ka qen\u00eb e martuar dhe ka l\u00ebn\u00eb pas vet\u00ebs tre f\u00ebmij\u00eb. Dy vajza dhe nj\u00eb djal\u00eb. Djali \u00ebsht\u00eb i mosh\u00ebs 18 vje\u00e7are nd\u00ebrsa dy vajzat e mitura.<\/p>\n\n\n\n<p>Referuar ngjarjeve dyshohet se ngjarja ka ndodhur n\u00eb nj\u00eb n\u00ebnkalim. Si dhe shihen viktimat t\u00eb shtrir\u00eb n\u00eb tok\u00eb, pran\u00eb nj\u00ebri-tjetrit.<\/p>\n\n\n\n<p>Sipas nj\u00eb t\u00eb af\u00ebrmi t\u00eb viktim\u00ebs, shkak i vrasjes dyshohet se ka qen\u00eb xhelozia e pronarit.<\/p>\n\n\n\n<p>Viktima, Nexhmije Haradinaj kishte l\u00ebn\u00eb pun\u00ebn te furra dhe s\u00eb fundmi po punonte p\u00ebr dik\u00eb tjet\u00ebr.<\/p>\n\n<div style=\"font-size: 0px; height: 0px; line-height: 0px; margin: 0; padding: 0; clear: both;\"><\/div>","protected":false},"excerpt":{"rendered":"<p>Nj\u00eb ngjarje tragjike ka ndodhur pasditen e sotme n\u00eb fshatin Stanovc t\u00eb Vushtrris\u00eb. Nj\u00eb grua u vra me arm\u00eb zjarri nga ish-shefi i saj e m\u00eb pas&#8230; <\/p>\n","protected":false},"author":1,"featured_media":22804,"comment_status":"open","ping_status":"open","sticky":false,"template":"","format":"standard","meta":{"footnotes":""},"categories":[6],"tags":[],"class_list":["post-22803","post","type-post","status-publish","format-standard","has-post-thumbnail","hentry","category-lajme"],"_links":{"self":[{"href":"https:\/\/new.findnews5.com\/index.php?rest_route=\/wp\/v2\/posts\/22803","targetHints":{"allow":["GET"]}}],"collection":[{"href":"https:\/\/new.findnews5.com\/index.php?rest_route=\/wp\/v2\/posts"}],"about":[{"href":"https:\/\/new.findnews5.com\/index.php?rest_route=\/wp\/v2\/types\/post"}],"author":[{"embeddable":true,"href":"https:\/\/new.findnews5.com\/index.php?rest_route=\/wp\/v2\/users\/1"}],"replies":[{"embeddable":true,"href":"https:\/\/new.findnews5.com\/index.php?rest_route=%2Fwp%2Fv2%2Fcomments&post=22803"}],"version-history":[{"count":1,"href":"https:\/\/new.findnews5.com\/index.php?rest_route=\/wp\/v2\/posts\/22803\/revisions"}],"predecessor-version":[{"id":22805,"href":"https:\/\/new.findnews5.com\/index.php?rest_route=\/wp\/v2\/posts\/22803\/revisions\/22805"}],"wp:featuredmedia":[{"embeddable":true,"href":"https:\/\/new.findnews5.com\/index.php?rest_route=\/wp\/v2\/media\/22804"}],"wp:attachment":[{"href":"https:\/\/new.findnews5.com\/index.php?rest_route=%2Fwp%2Fv2%2Fmedia&parent=22803"}],"wp:term":[{"taxonomy":"category","embeddable":true,"href":"https:\/\/new.findnews5.com\/index.php?rest_route=%2Fwp%2Fv2%2Fcategories&post=22803"},{"taxonomy":"post_tag","embeddable":true,"href":"https:\/\/new.findnews5.com\/index.php?rest_route=%2Fwp%2Fv2%2Ftags&post=22803"}],"curies":[{"name":"wp","href":"https:\/\/api.w.org\/{rel}","templated":true}]}}