{"id":22797,"date":"2025-03-24T22:05:55","date_gmt":"2025-03-24T22:05:55","guid":{"rendered":"https:\/\/new.findnews5.com\/?p=22797"},"modified":"2025-03-24T22:05:58","modified_gmt":"2025-03-24T22:05:58","slug":"22797","status":"publish","type":"post","link":"https:\/\/new.findnews5.com\/?p=22797","title":{"rendered":""},"content":{"rendered":"<div class=\"78954ae5fa42b68c1393fe3da4998882\" data-index=\"1\" style=\"float: none; margin:0px 0 0px 0; text-align:center;\">\n<div data-type=\"_mgwidget\" data-widget-id=\"1576712\">\r\n<\/div>\r\n<script>(function(w,q){w[q]=w[q]||[];w[q].push([\"_mgc.load\"])})(window,\"_mgq\");\r\n<\/script>\r\n\n<\/div>\n\n<p>Nj\u00eb ngjarje tragjike ka ndodhur pasditen e sotme n\u00eb fshatin Stanovc t\u00eb Vushtrris\u00eb. Nj\u00eb burr\u00eb dhe nj\u00eb grua jan\u00eb gjetur pa shenja jete. Autoritetet e vendit kan\u00eb konfirmuar se nj\u00eb grua e mosh\u00ebs 42 vje\u00e7e \u00ebsht\u00eb vrar\u00eb me arm\u00eb zjarri nga nj\u00eb burr\u00eb i mosh\u00ebs 58 vje\u00e7e. M\u00eb pas, i dyshuari p\u00ebr vrasjen e gruas ka kryer vet\u00ebvrasje.<\/p>\n\n\n\n<p>Rreth or\u00ebs 16:00, tek n\u00ebnkalimi i fshatit Stanoc n\u00eb Vushtrri, autoritete kan\u00eb identifikuar dy trupa t\u00eb pajet\u00eb. Gazeta Insajderi ka m\u00ebsuar ekskluzivisht se gruaja e vrar\u00eb \u00ebsht\u00eb 42 vje\u00e7arja, Nexhmie Musliu Haradini.<\/p>\n\n\n\n<p>Ajo \u00ebsht\u00eb vrar\u00eb me arm\u00eb zjarri nga Arsim Morina, cili m\u00eb pas vrau veten. Ai \u00ebsht\u00eb pronari i furr\u00ebs \u201cDiellza\u201d ku kishte punuar m\u00eb her\u00ebt gruaja e vrar\u00eb. Dy viktimat nuk kan\u00eb asnj\u00eb lidhje familjare p\u00ebrve\u00e7 faktit se e ndjera ka qen\u00eb pun\u00ebtore n\u00eb furr\u00ebn \u201cDiellza\u201d.<\/p>\n\n\n\n<p>Insajderi m\u00ebson se ajo ka qen\u00eb e martuar dhe ka l\u00ebn\u00eb pas vet\u00ebs tre f\u00ebmij\u00eb. Dy vajza dhe nj\u00eb djal\u00eb. Djali \u00ebsht\u00eb i mosh\u00ebs 18 vje\u00e7are nd\u00ebrsa dy vajzat e mitura.<\/p>\n\n\n\n<p>Referuar ngjarjeve dyshohet se ngjarja ka ndodhur n\u00eb nj\u00eb n\u00ebnkalim. Si dhe shihen viktimat t\u00eb shtrir\u00eb n\u00eb tok\u00eb, pran\u00eb nj\u00ebri-tjetrit.<\/p>\n\n\n\n<p>Sipas nj\u00eb t\u00eb af\u00ebrmi t\u00eb viktim\u00ebs, shkak i vrasjes dyshohet se ka qen\u00eb xhelozia e pronarit.<\/p>\n\n\n\n<p>Viktima, Nexhmije Haradinaj kishte l\u00ebn\u00eb pun\u00ebn te furra dhe s\u00eb fundmi po punonte p\u00ebr dik\u00eb tjet\u00ebr.<\/p>\n\n<div style=\"font-size: 0px; height: 0px; line-height: 0px; margin: 0; padding: 0; clear: both;\"><\/div>","protected":false},"excerpt":{"rendered":"<p>Nj\u00eb ngjarje tragjike ka ndodhur pasditen e sotme n\u00eb fshatin Stanovc t\u00eb Vushtrris\u00eb. Nj\u00eb burr\u00eb dhe nj\u00eb grua jan\u00eb gjetur pa shenja jete. Autoritetet e vendit kan\u00eb&#8230; <\/p>\n","protected":false},"author":1,"featured_media":0,"comment_status":"open","ping_status":"open","sticky":false,"template":"","format":"standard","meta":{"footnotes":""},"categories":[6],"tags":[],"class_list":["post-22797","post","type-post","status-publish","format-standard","hentry","category-lajme"],"_links":{"self":[{"href":"https:\/\/new.findnews5.com\/index.php?rest_route=\/wp\/v2\/posts\/22797","targetHints":{"allow":["GET"]}}],"collection":[{"href":"https:\/\/new.findnews5.com\/index.php?rest_route=\/wp\/v2\/posts"}],"about":[{"href":"https:\/\/new.findnews5.com\/index.php?rest_route=\/wp\/v2\/types\/post"}],"author":[{"embeddable":true,"href":"https:\/\/new.findnews5.com\/index.php?rest_route=\/wp\/v2\/users\/1"}],"replies":[{"embeddable":true,"href":"https:\/\/new.findnews5.com\/index.php?rest_route=%2Fwp%2Fv2%2Fcomments&post=22797"}],"version-history":[{"count":1,"href":"https:\/\/new.findnews5.com\/index.php?rest_route=\/wp\/v2\/posts\/22797\/revisions"}],"predecessor-version":[{"id":22799,"href":"https:\/\/new.findnews5.com\/index.php?rest_route=\/wp\/v2\/posts\/22797\/revisions\/22799"}],"wp:attachment":[{"href":"https:\/\/new.findnews5.com\/index.php?rest_route=%2Fwp%2Fv2%2Fmedia&parent=22797"}],"wp:term":[{"taxonomy":"category","embeddable":true,"href":"https:\/\/new.findnews5.com\/index.php?rest_route=%2Fwp%2Fv2%2Fcategories&post=22797"},{"taxonomy":"post_tag","embeddable":true,"href":"https:\/\/new.findnews5.com\/index.php?rest_route=%2Fwp%2Fv2%2Ftags&post=22797"}],"curies":[{"name":"wp","href":"https:\/\/api.w.org\/{rel}","templated":true}]}}