{"id":22771,"date":"2025-03-24T13:00:59","date_gmt":"2025-03-24T13:00:59","guid":{"rendered":"https:\/\/new.findnews5.com\/?p=22771"},"modified":"2025-03-24T13:01:01","modified_gmt":"2025-03-24T13:01:01","slug":"kush-agjeron-inshaallah-xhennetin-fiton","status":"publish","type":"post","link":"https:\/\/new.findnews5.com\/?p=22771","title":{"rendered":"Kush agjeron, inshaallah Xhennetin fiton"},"content":{"rendered":"<div class=\"78954ae5fa42b68c1393fe3da4998882\" data-index=\"1\" style=\"float: none; margin:0px 0 0px 0; text-align:center;\">\n<div data-type=\"_mgwidget\" data-widget-id=\"1576712\">\r\n<\/div>\r\n<script>(function(w,q){w[q]=w[q]||[];w[q].push([\"_mgc.load\"])})(window,\"_mgq\");\r\n<\/script>\r\n\n<\/div>\n\n<p>Urimi q\u00eb ka shkruar Elvis Na\u00e7i n\u00eb Facebook, sipas stilit t\u00eb tij t\u00eb njohur dhe mesazheve q\u00eb ai zakonisht ndan me ndjek\u00ebsit, mund t\u00eb zgjerohet me gjer\u00ebsisht n\u00eb k\u00ebt\u00eb m\u00ebnyr\u00eb, duke ruajtur tonin e tij frym\u00ebzues dhe fetar:<\/p>\n\n\n\n<p>\u201cKush agj\u00ebron me sinqeritet p\u00ebr hir t\u00eb Allahut, duke e mbajtur k\u00ebt\u00eb adhurim me zem\u00ebr t\u00eb past\u00ebr dhe me q\u00ebllim t\u00eb lart\u00eb, InshaAllah do t\u00eb jet\u00eb prej atyre q\u00eb fitojn\u00eb Xhenetin. Agj\u00ebrimi \u00ebsht\u00eb dhurat\u00eb nga Zoti, \u00ebsht\u00eb nj\u00eb rrug\u00eb q\u00eb na afron me T\u00eb dhe na pastron shpirtin. Prandaj, o besimtar\u00eb, shfryt\u00ebzoni \u00e7do moment t\u00eb k\u00ebtij muaji t\u00eb bekuar, sepse shp\u00ebrblimi i Allahut \u00ebsht\u00eb i madh dhe Xheneti \u00ebsht\u00eb premtimi p\u00ebr t\u00eb devotshmit. Allahu ju begatoft\u00eb t\u00eb gjith\u00ebve dhe na pranoft\u00eb ibadetet tona!\u201d<\/p>\n\n\n\n<p>Ky \u00ebsht\u00eb nj\u00eb version i zgjeruar dhe i natyrsh\u00ebm, bazuar n\u00eb stilin e Elvis Na\u00e7it, i cili shpesh shton lutje dhe k\u00ebshilla n\u00eb postimet e tij p\u00ebr t\u00eb motivuar ndjek\u00ebsit n\u00eb rrug\u00ebn e fes\u00eb.<\/p>\n\n<div style=\"font-size: 0px; height: 0px; line-height: 0px; margin: 0; padding: 0; clear: both;\"><\/div>","protected":false},"excerpt":{"rendered":"<p>Urimi q\u00eb ka shkruar Elvis Na\u00e7i n\u00eb Facebook, sipas stilit t\u00eb tij t\u00eb njohur dhe mesazheve q\u00eb ai zakonisht ndan me ndjek\u00ebsit, mund t\u00eb zgjerohet me gjer\u00ebsisht&#8230; <\/p>\n","protected":false},"author":1,"featured_media":22772,"comment_status":"open","ping_status":"open","sticky":false,"template":"","format":"standard","meta":{"footnotes":""},"categories":[6],"tags":[],"class_list":["post-22771","post","type-post","status-publish","format-standard","has-post-thumbnail","hentry","category-lajme"],"_links":{"self":[{"href":"https:\/\/new.findnews5.com\/index.php?rest_route=\/wp\/v2\/posts\/22771","targetHints":{"allow":["GET"]}}],"collection":[{"href":"https:\/\/new.findnews5.com\/index.php?rest_route=\/wp\/v2\/posts"}],"about":[{"href":"https:\/\/new.findnews5.com\/index.php?rest_route=\/wp\/v2\/types\/post"}],"author":[{"embeddable":true,"href":"https:\/\/new.findnews5.com\/index.php?rest_route=\/wp\/v2\/users\/1"}],"replies":[{"embeddable":true,"href":"https:\/\/new.findnews5.com\/index.php?rest_route=%2Fwp%2Fv2%2Fcomments&post=22771"}],"version-history":[{"count":1,"href":"https:\/\/new.findnews5.com\/index.php?rest_route=\/wp\/v2\/posts\/22771\/revisions"}],"predecessor-version":[{"id":22773,"href":"https:\/\/new.findnews5.com\/index.php?rest_route=\/wp\/v2\/posts\/22771\/revisions\/22773"}],"wp:featuredmedia":[{"embeddable":true,"href":"https:\/\/new.findnews5.com\/index.php?rest_route=\/wp\/v2\/media\/22772"}],"wp:attachment":[{"href":"https:\/\/new.findnews5.com\/index.php?rest_route=%2Fwp%2Fv2%2Fmedia&parent=22771"}],"wp:term":[{"taxonomy":"category","embeddable":true,"href":"https:\/\/new.findnews5.com\/index.php?rest_route=%2Fwp%2Fv2%2Fcategories&post=22771"},{"taxonomy":"post_tag","embeddable":true,"href":"https:\/\/new.findnews5.com\/index.php?rest_route=%2Fwp%2Fv2%2Ftags&post=22771"}],"curies":[{"name":"wp","href":"https:\/\/api.w.org\/{rel}","templated":true}]}}