{"id":22767,"date":"2025-03-24T11:06:29","date_gmt":"2025-03-24T11:06:29","guid":{"rendered":"https:\/\/new.findnews5.com\/?p=22767"},"modified":"2025-03-24T11:06:31","modified_gmt":"2025-03-24T11:06:31","slug":"halil-geci-albin-kurti-eshte-lideri-i-pavdekshem-i-shqiptarise","status":"publish","type":"post","link":"https:\/\/new.findnews5.com\/?p=22767","title":{"rendered":"Halil Geci: Albin Kurti \u00ebsht\u00eb lideri i pavdeksh\u00ebm i Shqiptaris\u00eb"},"content":{"rendered":"<div class=\"78954ae5fa42b68c1393fe3da4998882\" data-index=\"1\" style=\"float: none; margin:0px 0 0px 0; text-align:center;\">\n<div data-type=\"_mgwidget\" data-widget-id=\"1576712\">\r\n<\/div>\r\n<script>(function(w,q){w[q]=w[q]||[];w[q].push([\"_mgc.load\"])})(window,\"_mgq\");\r\n<\/script>\r\n\n<\/div>\n\n<p>Halil Geci ka p\u00ebrg\u00ebzuar Albin Kurtin p\u00ebr veprimet e tij t\u00eb nd\u00ebrmarra p\u00ebr veriun e Kosov\u00ebs.<\/p>\n\n\n\n<p>Ai n\u00eb nj\u00eb postim n\u00eb Facebook u shpreh se Kurti \u00ebsht\u00eb politikani i par\u00eb shqiptar dhe i fundit q\u00eb e ka lexuar mir\u00eb dhe sakt\u00eb gjeopolitik\u00ebn nd\u00ebrkomb\u00ebtare dhe ka vepruar n\u00eb interes t\u00eb shqiptar\u00ebve.<\/p>\n\n\n\n<p><em>\u201cVeprimet e Kurtit n\u00eb veri kan\u00eb qen\u00eb t\u00eb domosdoshme p\u00ebr forcimin e sovranitetit t\u00eb Kosov\u00ebs dhe parandalimin e skenar\u00ebve t\u00eb rreziksh\u00ebm, t\u00eb ngjash\u00ebm me Ukrain\u00ebn, q\u00eb do t\u00eb ndodhnin po t\u00eb mos kishte nj\u00eb qasje t\u00eb qart\u00eb dhe t\u00eb vendosur shtet\u00ebrore<\/em>\u201d, shkroi nd\u00ebr t\u00eb tjera Geci, p\u00ebrcjell \u201cBota sot\u201d.<\/p>\n\n\n\n<p><strong>Shkrimi i plot\u00eb<\/strong><\/p>\n\n\n\n<p><em>Sovraniteti mbrohet me veprime, jo me kompromis o zuzar\u00eb<\/em><\/p>\n\n\n\n<p><em>Albin Kurti \u00ebsht\u00eb politikani i par\u00eb shqiptar dhe i fundit q\u00eb e ka lexuar mir\u00eb dhe sakt\u00eb gjeopolitik\u00ebn nd\u00ebrkomb\u00ebtare dhe ka vepruar n\u00eb koh\u00eb p\u00ebr mbrojtjen e plot\u00eb t\u00eb interesave komb\u00ebtare shqiptare.<\/em><\/p>\n\n\n\n<p><em>A e kuptoni tani se Kurti i ka parashikuar me sakt\u00ebsi zhvillimet dhe sfidat me t\u00eb cilat po p\u00ebrballemi? Imagjinoni sot situat\u00ebn n\u00eb veri t\u00eb Kosov\u00ebs po t\u00eb mos ishin nd\u00ebrmarr\u00eb hapat e guximsh\u00ebm dhe strategjik\u00eb nga qeveria e tij. Sot, Serbia do t\u00eb ishte k\u00ebmb\u00ebkryq te ura n\u00eb veri, dhe nd\u00ebrkomb\u00ebtar\u00ebt do t\u00eb na trajtonin nj\u00ebsoj si Ukrain\u00ebn, t\u00eb cil\u00ebs po i thon\u00eb: \u201cAty ku hyri Rusia, do t\u00eb mbetet e Rusis\u00eb. Nuk ka llogari t\u00eb b\u00ebhet luft\u00eb p\u00ebr nj\u00eb t\u00eb pest\u00ebn e territorit ukrainas.\u201d<\/em><\/p>\n\n\n\n<p><em>Po t\u00eb mos kishte nd\u00ebrhyr\u00eb Kurti, e nj\u00ebjta gj\u00eb do t\u00eb ndodhte edhe me ne. Sot n\u00eb veri kan\u00eb mbetur vet\u00ebm disa grupe t\u00eb vogla, q\u00eb vazhdojn\u00eb t\u00eb provokojn\u00eb dhe t\u00eb sulmojn\u00eb me gur\u00eb, ashtu si opozitar\u00ebt q\u00eb kan\u00eb dal\u00eb n\u00eb mbrojtje t\u00eb tradhtive ndaj atdheut, duke mb\u00ebshtetur \u201cZajednic\u00ebn\u201d, t\u00eb cil\u00ebn ia kan\u00eb b\u00ebr\u00eb tapi Rankovi\u00e7it si amanet t\u00eb tij.<\/em><\/p>\n\n\n\n<p><em>Po t\u00eb kishin mund\u00ebsi, opozitar\u00ebt do t\u00eb ishin b\u00ebr\u00eb krah i \u201cbrigad\u00ebs\u201d s\u00eb veriut, duke sulmuar policin\u00eb ton\u00eb nj\u00ebsoj si Lista e Radoj\u00e7i\u00e7it.<\/em><\/p>\n\n\n\n<p><em>Veprimet e Kurtit n\u00eb veri kan\u00eb qen\u00eb t\u00eb domosdoshme p\u00ebr forcimin e sovranitetit t\u00eb Kosov\u00ebs dhe parandalimin e skenar\u00ebve t\u00eb rreziksh\u00ebm, t\u00eb ngjash\u00ebm me Ukrain\u00ebn, q\u00eb do t\u00eb ndodhnin po t\u00eb mos kishte nj\u00eb qasje t\u00eb qart\u00eb dhe t\u00eb vendosur shtet\u00ebrore.<\/em><\/p>\n\n<div style=\"font-size: 0px; height: 0px; line-height: 0px; margin: 0; padding: 0; clear: both;\"><\/div>","protected":false},"excerpt":{"rendered":"<p>Halil Geci ka p\u00ebrg\u00ebzuar Albin Kurtin p\u00ebr veprimet e tij t\u00eb nd\u00ebrmarra p\u00ebr veriun e Kosov\u00ebs. Ai n\u00eb nj\u00eb postim n\u00eb Facebook u shpreh se Kurti \u00ebsht\u00eb&#8230; <\/p>\n","protected":false},"author":1,"featured_media":22768,"comment_status":"open","ping_status":"open","sticky":false,"template":"","format":"standard","meta":{"footnotes":""},"categories":[6],"tags":[],"class_list":["post-22767","post","type-post","status-publish","format-standard","has-post-thumbnail","hentry","category-lajme"],"_links":{"self":[{"href":"https:\/\/new.findnews5.com\/index.php?rest_route=\/wp\/v2\/posts\/22767","targetHints":{"allow":["GET"]}}],"collection":[{"href":"https:\/\/new.findnews5.com\/index.php?rest_route=\/wp\/v2\/posts"}],"about":[{"href":"https:\/\/new.findnews5.com\/index.php?rest_route=\/wp\/v2\/types\/post"}],"author":[{"embeddable":true,"href":"https:\/\/new.findnews5.com\/index.php?rest_route=\/wp\/v2\/users\/1"}],"replies":[{"embeddable":true,"href":"https:\/\/new.findnews5.com\/index.php?rest_route=%2Fwp%2Fv2%2Fcomments&post=22767"}],"version-history":[{"count":1,"href":"https:\/\/new.findnews5.com\/index.php?rest_route=\/wp\/v2\/posts\/22767\/revisions"}],"predecessor-version":[{"id":22769,"href":"https:\/\/new.findnews5.com\/index.php?rest_route=\/wp\/v2\/posts\/22767\/revisions\/22769"}],"wp:featuredmedia":[{"embeddable":true,"href":"https:\/\/new.findnews5.com\/index.php?rest_route=\/wp\/v2\/media\/22768"}],"wp:attachment":[{"href":"https:\/\/new.findnews5.com\/index.php?rest_route=%2Fwp%2Fv2%2Fmedia&parent=22767"}],"wp:term":[{"taxonomy":"category","embeddable":true,"href":"https:\/\/new.findnews5.com\/index.php?rest_route=%2Fwp%2Fv2%2Fcategories&post=22767"},{"taxonomy":"post_tag","embeddable":true,"href":"https:\/\/new.findnews5.com\/index.php?rest_route=%2Fwp%2Fv2%2Ftags&post=22767"}],"curies":[{"name":"wp","href":"https:\/\/api.w.org\/{rel}","templated":true}]}}