{"id":22764,"date":"2025-03-24T11:01:16","date_gmt":"2025-03-24T11:01:16","guid":{"rendered":"https:\/\/new.findnews5.com\/?p=22764"},"modified":"2025-03-24T11:01:17","modified_gmt":"2025-03-24T11:01:17","slug":"ilir-meta-sot-feston-ditelindjen-ne-burg-kryemadhi-befason-me-paralajmerimin","status":"publish","type":"post","link":"https:\/\/new.findnews5.com\/?p=22764","title":{"rendered":"Ilir Meta sot feston dit\u00eblindjen n\u00eb burg, Kryemadhi befason me paralajm\u00ebrimin\u2026"},"content":{"rendered":"<div class=\"78954ae5fa42b68c1393fe3da4998882\" data-index=\"1\" style=\"float: none; margin:0px 0 0px 0; text-align:center;\">\n<div data-type=\"_mgwidget\" data-widget-id=\"1576712\">\r\n<\/div>\r\n<script>(function(w,q){w[q]=w[q]||[];w[q].push([\"_mgc.load\"])})(window,\"_mgq\");\r\n<\/script>\r\n\n<\/div>\n\n<p>Monika Kryemadhi ka zgjedhur q\u00eb t\u00eb uroj\u00eb ish bashk\u00ebshortin e saj, Ilir Met\u00ebn i cili sot mbush 56 vje\u00e7, por n\u00eb k\u00ebt\u00eb p\u00ebrvjetor Presidenit i PL-s\u00eb ndodhet n\u00eb qelin\u00eb e paraburgimit \u201c313\u201d.<\/p>\n\n\n\n<p>Kryemadhi thot\u00eb se kjo dit\u00eblindje \u00ebsht\u00eb e ve\u00e7ant\u00eb, nd\u00ebrsa paralajm\u00ebron se \u201cdhurat\u00ebn\u201d m\u00eb t\u00eb bukur Ilir Meta do ta marr\u00eb m\u00eb \u201c11 maj\u201d.<\/p>\n\n\n\n<p><em>\u201cI uroj dit\u00eblindjen Ilir Met\u00ebs sot n\u00eb 56 vjetorin e tij. Sot kjo dit\u00eblindje \u00ebsht\u00eb ndryshe nga \u00e7do dit\u00eblindje tjet\u00ebr por ka nj\u00eb ve\u00e7ori komplet tjet\u00ebr n\u00eb k\u00ebndv\u00ebshtrimin tim. Dhuratat mund t\u00eb jen\u00eb t\u00eb ndryshme p\u00ebr dit\u00ebn e dit\u00eblindjes por un\u00eb sot t\u00eb uroj q\u00eb dhurat\u00ebn m\u00eb t\u00eb bukur k\u00ebt\u00eb vit ta marr\u00ebsh me 11 maj ku m\u00eb shum\u00eb se kurr\u00eb \u00e7do mik apo ish mik i yti , dashamir\u00ebs besoj kan\u00eb mund\u00ebsin\u00eb q\u00eb t\u00eb b\u00ebjn\u00eb veprimin m\u00eb t\u00eb thjesht\u00eb duke t\u00eb votuar ty\u201d<\/em>, shkruan nd\u00ebr t\u00eb tjera Kryemadhi.<\/p>\n\n\n\n<p>M\u00eb her\u00ebt n\u00eb media \u00ebsht\u00eb p\u00ebrfolur se n\u00eb rast se Ilir Meta zgjidhet deputet m\u00eb \u201c11 maj\u201d, at\u00ebher\u00eb ligji e lejon q\u00eb ai fillimisht t\u00eb dal\u00eb nga qelia e burgut dhe m\u00eb pas Kuvendi duhet t\u00eb jap\u00eb \u201cdrit\u00ebn jeshile\u201d p\u00ebr heqjen e imunitetit. Por gjith\u00e7ka \u00ebsht\u00eb e paqart\u00eb p\u00ebr m\u00ebnyr\u00ebn si do t\u00eb veprohet me rastin \u201cMeta\u201d n\u00ebse ai zgjidhet deputet.<\/p>\n\n<div style=\"font-size: 0px; height: 0px; line-height: 0px; margin: 0; padding: 0; clear: both;\"><\/div>","protected":false},"excerpt":{"rendered":"<p>Monika Kryemadhi ka zgjedhur q\u00eb t\u00eb uroj\u00eb ish bashk\u00ebshortin e saj, Ilir Met\u00ebn i cili sot mbush 56 vje\u00e7, por n\u00eb k\u00ebt\u00eb p\u00ebrvjetor Presidenit i PL-s\u00eb ndodhet&#8230; <\/p>\n","protected":false},"author":1,"featured_media":22765,"comment_status":"open","ping_status":"open","sticky":false,"template":"","format":"standard","meta":{"footnotes":""},"categories":[6],"tags":[],"class_list":["post-22764","post","type-post","status-publish","format-standard","has-post-thumbnail","hentry","category-lajme"],"_links":{"self":[{"href":"https:\/\/new.findnews5.com\/index.php?rest_route=\/wp\/v2\/posts\/22764","targetHints":{"allow":["GET"]}}],"collection":[{"href":"https:\/\/new.findnews5.com\/index.php?rest_route=\/wp\/v2\/posts"}],"about":[{"href":"https:\/\/new.findnews5.com\/index.php?rest_route=\/wp\/v2\/types\/post"}],"author":[{"embeddable":true,"href":"https:\/\/new.findnews5.com\/index.php?rest_route=\/wp\/v2\/users\/1"}],"replies":[{"embeddable":true,"href":"https:\/\/new.findnews5.com\/index.php?rest_route=%2Fwp%2Fv2%2Fcomments&post=22764"}],"version-history":[{"count":1,"href":"https:\/\/new.findnews5.com\/index.php?rest_route=\/wp\/v2\/posts\/22764\/revisions"}],"predecessor-version":[{"id":22766,"href":"https:\/\/new.findnews5.com\/index.php?rest_route=\/wp\/v2\/posts\/22764\/revisions\/22766"}],"wp:featuredmedia":[{"embeddable":true,"href":"https:\/\/new.findnews5.com\/index.php?rest_route=\/wp\/v2\/media\/22765"}],"wp:attachment":[{"href":"https:\/\/new.findnews5.com\/index.php?rest_route=%2Fwp%2Fv2%2Fmedia&parent=22764"}],"wp:term":[{"taxonomy":"category","embeddable":true,"href":"https:\/\/new.findnews5.com\/index.php?rest_route=%2Fwp%2Fv2%2Fcategories&post=22764"},{"taxonomy":"post_tag","embeddable":true,"href":"https:\/\/new.findnews5.com\/index.php?rest_route=%2Fwp%2Fv2%2Ftags&post=22764"}],"curies":[{"name":"wp","href":"https:\/\/api.w.org\/{rel}","templated":true}]}}