{"id":22758,"date":"2025-03-24T10:46:50","date_gmt":"2025-03-24T10:46:50","guid":{"rendered":"https:\/\/new.findnews5.com\/?p=22758"},"modified":"2025-03-24T10:46:51","modified_gmt":"2025-03-24T10:46:51","slug":"hyne-ne-nje-vile-te-braktisur-te-rinjte-gjejne-te-vdekur-ciftin-e-te-moshuarve-dyshohet-se","status":"publish","type":"post","link":"https:\/\/new.findnews5.com\/?p=22758","title":{"rendered":"Hyn\u00eb n\u00eb nj\u00eb vil\u00eb t\u00eb braktisur, t\u00eb rinjt\u00eb gjejn\u00eb t\u00eb vdekur \u00e7iftin e t\u00eb moshuarve! Dyshohet se\u2026"},"content":{"rendered":"<div class=\"78954ae5fa42b68c1393fe3da4998882\" data-index=\"1\" style=\"float: none; margin:0px 0 0px 0; text-align:center;\">\n<div data-type=\"_mgwidget\" data-widget-id=\"1576712\">\r\n<\/div>\r\n<script>(function(w,q){w[q]=w[q]||[];w[q].push([\"_mgc.load\"])})(window,\"_mgq\");\r\n<\/script>\r\n\n<\/div>\n\n<p>Nj\u00eb grup t\u00eb rinjsh kan\u00eb gjetur n\u00eb nj\u00eb vil\u00eb t\u00eb braktisur trupat e pajet\u00eb t\u00eb nj\u00eb \u00e7ifti t\u00eb moshuarish n\u00eb Verona.Duke mb\u00ebrritur para vil\u00ebs dhe mos d\u00ebgjuar zhurm\u00eb q\u00eb vinte nga brenda, as duke par\u00eb asnj\u00eb l\u00ebvizje, kan\u00eb hyr\u00eb brenda. T\u00eb moshuarit kishin muaj q\u00eb kishin nd\u00ebrruar jet\u00eb.<\/p>\n\n\n\n<p><strong><a href=\"https:\/\/corrieredelveneto.corriere.it\/notizie\/verona\/cronaca\/25_marzo_17\/verona-entrano-in-una-villetta-abbandonata-trovano-marito-e-moglie-morti-da-mesi-f1dcebea-2b6e-4646-89fb-3542c6f10xlk.shtml\">Zbulimi makab\u00ebr<\/a><\/strong>&nbsp;u b\u00eb her\u00ebt pasditen e s\u00eb shtun\u00ebs nga tre djem q\u00eb po praktikonin \u201curbex \u201c, nj\u00eb neologjiz\u00ebm anglez q\u00eb n\u00eb italisht do t\u00eb thot\u00eb \u201ceksplorim urban\u201d. Ky \u00ebsht\u00eb nj\u00eb aktivitet q\u00eb p\u00ebrfshin sip\u00ebrmarrjen n\u00eb strukturat e braktisura, qofshin ato nd\u00ebrtesa apo rr\u00ebnoja t\u00eb v\u00ebrteta.<\/p>\n\n\n\n<p>Por n\u00eb k\u00ebt\u00eb rast konkret, n\u00eb realitet, zona n\u00eb fjal\u00eb nuk \u00ebsht\u00eb asgj\u00eb tjet\u00ebr ve\u00e7se \u201curbane\u201d: Montericco ndodhet n\u00eb kodrat midis komunave t\u00eb Veron\u00ebs dhe Negrar, nj\u00eb fshat i lindur n\u00eb vitet \u201960 dhe i mbushur me vila dhe vila p\u00ebr borgjezin\u00eb e pasur t\u00eb qytetit t\u00eb sapolindur. Mes tyre \u00ebsht\u00eb edhe ai i bashk\u00ebshort\u00ebve Steffenoni.<\/p>\n\n\n\n<p><strong>Vdekja midis tetorit dhe n\u00ebntorit<\/strong><\/p>\n\n\n\n<p>Dy trupat n\u00eb gjendje t\u00eb dekompozuar, u identifikuan t\u00eb dy trupat: ai i Marco Steffenoni, nj\u00eb dentist 75-vje\u00e7ar dhe gruaja e tij Maria Teresa Nizzola, nj\u00eb vit m\u00eb e madhe.<\/p>\n\n\n\n<p>T\u00eb dy, sipas d\u00ebshmive t\u00eb para t\u00eb dh\u00ebna nga njer\u00ebz q\u00eb i njihnin, b\u00ebnin nj\u00eb jet\u00eb t\u00eb t\u00ebrhequr dhe kishin pak nd\u00ebrveprim shoq\u00ebror.<\/p>\n\n\n\n<p>Nga hetimet e para t\u00eb kryera n\u00eb vendngjarje nga mjek\u00ebsia ligjore, duket se vdekja e bashk\u00ebshort\u00ebve mund t\u00eb ket\u00eb ndodhur n\u00eb periudh\u00ebn tetor-n\u00ebntor. K\u00ebt\u00eb e v\u00ebrteton, p\u00ebrve\u00e7 gjendjes s\u00eb avancuar t\u00eb dekompozimit t\u00eb trupave, edhe nj\u00eb fatur\u00eb q\u00eb daton n\u00eb tetor, e gjetur nga hetuesit n\u00eb sht\u00ebpi; e fundit q\u00eb \u00e7ifti do t\u00eb paguante, p\u00ebrpara se t\u00eb gjenin vdekjen brenda kat\u00ebr mureve t\u00eb tyre.<\/p>\n\n\n\n<p><strong>Nj\u00eb histori e ngjashme me zbulimin e aktorit Gene Hackman<\/strong><\/p>\n\n\n\n<p>P\u00ebr t\u00eb ditur shkaqet e vdekjes s\u00eb bashk\u00ebshort\u00ebve Steffenoni, tani do t\u00eb duhet t\u00eb presim autopsin\u00eb e trupave q\u00eb \u00ebsht\u00eb urdh\u00ebruar nga prokurori publik kujdestar q\u00eb po koordinon hetimet. Shkaku i vdekjes mund t\u00eb ket\u00eb qen\u00eb monoksidi i karbonit i l\u00ebshuar nga nj\u00eb oxhak i ndezur p\u00ebr ngrohje, por p\u00ebr momentin \u00e7do hipotez\u00eb po shqyrtohet.<\/p>\n\n\n\n<p>Marco Steffenoni u diplomua p\u00ebr Mjek\u00ebsi dhe Kirurgji n\u00eb Universitetin e Padov\u00ebs n\u00eb vitin 1977, dhe m\u00eb pas u specializua n\u00eb stomatologji dhe protetik\u00eb dentare. Ai \u00ebsht\u00eb ende i regjistruar n\u00eb Urdhrin.<\/p>\n\n\n\n<p>Prej vitesh, ai kishte ordinanc\u00ebn e tij dentare n\u00eb Via Cappello, n\u00eb qendr\u00ebn historike t\u00eb Veron\u00ebs, praktikisht pran\u00eb sht\u00ebpis\u00eb s\u00eb Zhuliet\u00ebs. S\u00eb bashku me gruan e tij, n\u00eb buen retiro t\u00eb Montericco-s, ai kishte hapur nj\u00eb ferm\u00eb t\u00eb lidhur me ullisht\u00ebn q\u00eb rrethon sht\u00ebpin\u00eb.<\/p>\n\n\n\n<p>Historia tragjike i ngjan shum\u00eb asaj q\u00eb p\u00ebrfshin aktorin e famsh\u00ebm amerikan Gene Hackman dhe gruan e tij Betsy Arakawa, t\u00eb cil\u00ebt u gjet\u00ebn t\u00eb vdekur n\u00eb sht\u00ebpin\u00eb e tyre n\u00eb Santa Fe, New Mexico m\u00eb 26 shkurt, disa dit\u00eb pas dat\u00ebs s\u00eb v\u00ebrtet\u00eb t\u00eb vdekjes s\u00eb tyre.\/Top Channel<\/p>\n\n<div style=\"font-size: 0px; height: 0px; line-height: 0px; margin: 0; padding: 0; clear: both;\"><\/div>","protected":false},"excerpt":{"rendered":"<p>Nj\u00eb grup t\u00eb rinjsh kan\u00eb gjetur n\u00eb nj\u00eb vil\u00eb t\u00eb braktisur trupat e pajet\u00eb t\u00eb nj\u00eb \u00e7ifti t\u00eb moshuarish n\u00eb Verona.Duke mb\u00ebrritur para vil\u00ebs dhe mos d\u00ebgjuar&#8230; <\/p>\n","protected":false},"author":1,"featured_media":22759,"comment_status":"open","ping_status":"open","sticky":false,"template":"","format":"standard","meta":{"footnotes":""},"categories":[6],"tags":[],"class_list":["post-22758","post","type-post","status-publish","format-standard","has-post-thumbnail","hentry","category-lajme"],"_links":{"self":[{"href":"https:\/\/new.findnews5.com\/index.php?rest_route=\/wp\/v2\/posts\/22758","targetHints":{"allow":["GET"]}}],"collection":[{"href":"https:\/\/new.findnews5.com\/index.php?rest_route=\/wp\/v2\/posts"}],"about":[{"href":"https:\/\/new.findnews5.com\/index.php?rest_route=\/wp\/v2\/types\/post"}],"author":[{"embeddable":true,"href":"https:\/\/new.findnews5.com\/index.php?rest_route=\/wp\/v2\/users\/1"}],"replies":[{"embeddable":true,"href":"https:\/\/new.findnews5.com\/index.php?rest_route=%2Fwp%2Fv2%2Fcomments&post=22758"}],"version-history":[{"count":1,"href":"https:\/\/new.findnews5.com\/index.php?rest_route=\/wp\/v2\/posts\/22758\/revisions"}],"predecessor-version":[{"id":22760,"href":"https:\/\/new.findnews5.com\/index.php?rest_route=\/wp\/v2\/posts\/22758\/revisions\/22760"}],"wp:featuredmedia":[{"embeddable":true,"href":"https:\/\/new.findnews5.com\/index.php?rest_route=\/wp\/v2\/media\/22759"}],"wp:attachment":[{"href":"https:\/\/new.findnews5.com\/index.php?rest_route=%2Fwp%2Fv2%2Fmedia&parent=22758"}],"wp:term":[{"taxonomy":"category","embeddable":true,"href":"https:\/\/new.findnews5.com\/index.php?rest_route=%2Fwp%2Fv2%2Fcategories&post=22758"},{"taxonomy":"post_tag","embeddable":true,"href":"https:\/\/new.findnews5.com\/index.php?rest_route=%2Fwp%2Fv2%2Ftags&post=22758"}],"curies":[{"name":"wp","href":"https:\/\/api.w.org\/{rel}","templated":true}]}}