{"id":22742,"date":"2025-03-22T13:43:36","date_gmt":"2025-03-22T13:43:36","guid":{"rendered":"https:\/\/new.findnews5.com\/?p=22742"},"modified":"2025-03-22T13:43:37","modified_gmt":"2025-03-22T13:43:37","slug":"lutja-profetike-per-naten-e-kadrit","status":"publish","type":"post","link":"https:\/\/new.findnews5.com\/?p=22742","title":{"rendered":"Lutja profetike p\u00ebr Nat\u00ebn e Kadrit"},"content":{"rendered":"<div class=\"78954ae5fa42b68c1393fe3da4998882\" data-index=\"1\" style=\"float: none; margin:0px 0 0px 0; text-align:center;\">\n<div data-type=\"_mgwidget\" data-widget-id=\"1576712\">\r\n<\/div>\r\n<script>(function(w,q){w[q]=w[q]||[];w[q].push([\"_mgc.load\"])})(window,\"_mgq\");\r\n<\/script>\r\n\n<\/div>\n\n<p>Profeti Muhamed (a.s.) ka m\u00ebsuar nj\u00eb lutje t\u00eb ve\u00e7ant\u00eb p\u00ebr Nat\u00ebn e Kadrit, t\u00eb cil\u00ebn e ka transmetuar Aishja (r.a.). Ajo ka th\u00ebn\u00eb: \u201cI thash\u00eb: \u2018O i D\u00ebrguari i Allahut, n\u00ebse e di se cila \u00ebsht\u00eb Nata e Kadrit, \u00e7far\u00eb t\u00eb them gjat\u00eb saj?\u2019 Ai u p\u00ebrgjigj: \u2018Thuaj:Allahumme inneke \u2019afuwwun tu\u1e25ibb al-\u2018afwa fa\u2019fu \u2019anni\u2019\u201d(Transmetuar nga Tirmidhiu dhe Ibn Maxhe).<\/p>\n\n\n\n<p>P\u00ebrkthimi: \u201cO Allah, Ti je Fal\u00ebs dhe e do faljen, prandaj m\u00eb fal mua.\u201d<\/p>\n\n\n\n<p>Kjo lutje \u00ebsht\u00eb e shkurt\u00ebr, por shum\u00eb e fuqishme, dhe besimtar\u00ebt inkurajohen ta p\u00ebrs\u00ebrisin shpesh gjat\u00eb Nat\u00ebs s\u00eb Kadrit, bashk\u00eb me lutje t\u00eb tjera personale.<\/p>\n\n\n\n<p><\/p>\n\n<div style=\"font-size: 0px; height: 0px; line-height: 0px; margin: 0; padding: 0; clear: both;\"><\/div>","protected":false},"excerpt":{"rendered":"<p>Profeti Muhamed (a.s.) ka m\u00ebsuar nj\u00eb lutje t\u00eb ve\u00e7ant\u00eb p\u00ebr Nat\u00ebn e Kadrit, t\u00eb cil\u00ebn e ka transmetuar Aishja (r.a.). Ajo ka th\u00ebn\u00eb: \u201cI thash\u00eb: \u2018O i&#8230; <\/p>\n","protected":false},"author":1,"featured_media":22743,"comment_status":"open","ping_status":"open","sticky":false,"template":"","format":"standard","meta":{"footnotes":""},"categories":[6],"tags":[],"class_list":["post-22742","post","type-post","status-publish","format-standard","has-post-thumbnail","hentry","category-lajme"],"_links":{"self":[{"href":"https:\/\/new.findnews5.com\/index.php?rest_route=\/wp\/v2\/posts\/22742","targetHints":{"allow":["GET"]}}],"collection":[{"href":"https:\/\/new.findnews5.com\/index.php?rest_route=\/wp\/v2\/posts"}],"about":[{"href":"https:\/\/new.findnews5.com\/index.php?rest_route=\/wp\/v2\/types\/post"}],"author":[{"embeddable":true,"href":"https:\/\/new.findnews5.com\/index.php?rest_route=\/wp\/v2\/users\/1"}],"replies":[{"embeddable":true,"href":"https:\/\/new.findnews5.com\/index.php?rest_route=%2Fwp%2Fv2%2Fcomments&post=22742"}],"version-history":[{"count":1,"href":"https:\/\/new.findnews5.com\/index.php?rest_route=\/wp\/v2\/posts\/22742\/revisions"}],"predecessor-version":[{"id":22744,"href":"https:\/\/new.findnews5.com\/index.php?rest_route=\/wp\/v2\/posts\/22742\/revisions\/22744"}],"wp:featuredmedia":[{"embeddable":true,"href":"https:\/\/new.findnews5.com\/index.php?rest_route=\/wp\/v2\/media\/22743"}],"wp:attachment":[{"href":"https:\/\/new.findnews5.com\/index.php?rest_route=%2Fwp%2Fv2%2Fmedia&parent=22742"}],"wp:term":[{"taxonomy":"category","embeddable":true,"href":"https:\/\/new.findnews5.com\/index.php?rest_route=%2Fwp%2Fv2%2Fcategories&post=22742"},{"taxonomy":"post_tag","embeddable":true,"href":"https:\/\/new.findnews5.com\/index.php?rest_route=%2Fwp%2Fv2%2Ftags&post=22742"}],"curies":[{"name":"wp","href":"https:\/\/api.w.org\/{rel}","templated":true}]}}