{"id":22737,"date":"2025-03-22T11:20:58","date_gmt":"2025-03-22T11:20:58","guid":{"rendered":"https:\/\/new.findnews5.com\/?p=22737"},"modified":"2025-03-22T11:20:59","modified_gmt":"2025-03-22T11:20:59","slug":"keta-jane-vellezerit-laci-qe-u-dogjen-bashke-me-dy-te-rinjte-e-tjere-brenda-makines-25-vjec-dhe-20-vjec","status":"publish","type":"post","link":"https:\/\/new.findnews5.com\/?p=22737","title":{"rendered":"K\u00ebta jan\u00eb v\u00ebllez\u00ebrit La\u00e7i q\u00eb u dogj\u00ebn bashk\u00eb me dy t\u00eb rinjt\u00eb e tjer\u00eb brenda makin\u00ebs, 25 vje\u00e7 dhe 20 vje\u00e7"},"content":{"rendered":"<div class=\"78954ae5fa42b68c1393fe3da4998882\" data-index=\"1\" style=\"float: none; margin:0px 0 0px 0; text-align:center;\">\n<div data-type=\"_mgwidget\" data-widget-id=\"1576712\">\r\n<\/div>\r\n<script>(function(w,q){w[q]=w[q]||[];w[q].push([\"_mgc.load\"])})(window,\"_mgq\");\r\n<\/script>\r\n\n<\/div>\n\n<p>Vizion Plus siguron foton e dy v\u00ebllez\u00ebrve, Enejd La\u00e7i, 25 vje\u00e7 dhe Erildi La\u00e7i 20 vje\u00e7, t\u00eb cil\u00ebt humb\u00ebn jet\u00ebn nga aksidenti tragjik i ndodhur rreth or\u00ebs 23:50, n\u00eb Fush\u00eb-Prez\u00eb.<\/p>\n\n\n\n<p>Andi La\u00e7i, 22 vje\u00e7 dhe Enrikejd Kurti, 24 vje\u00e7 humb\u00ebn jet\u00ebn gjithashtu nga aksiddenti i r\u00ebnd\u00eb. Sipas informacioneve nga policia, kat\u00ebr t\u00eb rinjt\u00eb ishin duke udh\u00ebtuar me nj\u00eb makin\u00eb tip \u201cBenz\u201d kur jan\u00eb p\u00ebrplasur me nj\u00eb betoniere.<\/p>\n\n\n\n<p>Si pasoj\u00eb e p\u00ebrplasjes makina shp\u00ebrtheu n\u00eb flak\u00eb dhe kat\u00ebr t\u00eb rinjt\u00eb u dogj\u00ebn brenda mjetit.<\/p>\n\n\n\n<p>Policia ka shoq\u00ebruar drejtuesin e betonieres, 24-vje\u00e7arin Aleksand\u00ebr Krrashi, i cili pas aksidentit ishte larguar nga vendi i ngjarjes.\/vizionplus.tv<\/p>\n\n<div style=\"font-size: 0px; height: 0px; line-height: 0px; margin: 0; padding: 0; clear: both;\"><\/div>","protected":false},"excerpt":{"rendered":"<p>Vizion Plus siguron foton e dy v\u00ebllez\u00ebrve, Enejd La\u00e7i, 25 vje\u00e7 dhe Erildi La\u00e7i 20 vje\u00e7, t\u00eb cil\u00ebt humb\u00ebn jet\u00ebn nga aksidenti tragjik i ndodhur rreth or\u00ebs&#8230; <\/p>\n","protected":false},"author":1,"featured_media":22738,"comment_status":"open","ping_status":"open","sticky":false,"template":"","format":"standard","meta":{"footnotes":""},"categories":[6],"tags":[],"class_list":["post-22737","post","type-post","status-publish","format-standard","has-post-thumbnail","hentry","category-lajme"],"_links":{"self":[{"href":"https:\/\/new.findnews5.com\/index.php?rest_route=\/wp\/v2\/posts\/22737","targetHints":{"allow":["GET"]}}],"collection":[{"href":"https:\/\/new.findnews5.com\/index.php?rest_route=\/wp\/v2\/posts"}],"about":[{"href":"https:\/\/new.findnews5.com\/index.php?rest_route=\/wp\/v2\/types\/post"}],"author":[{"embeddable":true,"href":"https:\/\/new.findnews5.com\/index.php?rest_route=\/wp\/v2\/users\/1"}],"replies":[{"embeddable":true,"href":"https:\/\/new.findnews5.com\/index.php?rest_route=%2Fwp%2Fv2%2Fcomments&post=22737"}],"version-history":[{"count":1,"href":"https:\/\/new.findnews5.com\/index.php?rest_route=\/wp\/v2\/posts\/22737\/revisions"}],"predecessor-version":[{"id":22739,"href":"https:\/\/new.findnews5.com\/index.php?rest_route=\/wp\/v2\/posts\/22737\/revisions\/22739"}],"wp:featuredmedia":[{"embeddable":true,"href":"https:\/\/new.findnews5.com\/index.php?rest_route=\/wp\/v2\/media\/22738"}],"wp:attachment":[{"href":"https:\/\/new.findnews5.com\/index.php?rest_route=%2Fwp%2Fv2%2Fmedia&parent=22737"}],"wp:term":[{"taxonomy":"category","embeddable":true,"href":"https:\/\/new.findnews5.com\/index.php?rest_route=%2Fwp%2Fv2%2Fcategories&post=22737"},{"taxonomy":"post_tag","embeddable":true,"href":"https:\/\/new.findnews5.com\/index.php?rest_route=%2Fwp%2Fv2%2Ftags&post=22737"}],"curies":[{"name":"wp","href":"https:\/\/api.w.org\/{rel}","templated":true}]}}