{"id":22734,"date":"2025-03-22T11:17:15","date_gmt":"2025-03-22T11:17:15","guid":{"rendered":"https:\/\/new.findnews5.com\/?p=22734"},"modified":"2025-03-22T11:17:16","modified_gmt":"2025-03-22T11:17:16","slug":"zyrtare-parashqevi-simaku-rikthehet-ne-tirane-ja-data-e-koncertit-te-madh","status":"publish","type":"post","link":"https:\/\/new.findnews5.com\/?p=22734","title":{"rendered":"Zyrtare: Parashqevi Simaku rikthehet n\u00eb Tiran\u00eb \u2014 ja data e koncertit t\u00eb madh!"},"content":{"rendered":"<div class=\"78954ae5fa42b68c1393fe3da4998882\" data-index=\"1\" style=\"float: none; margin:0px 0 0px 0; text-align:center;\">\n<div data-type=\"_mgwidget\" data-widget-id=\"1576712\">\r\n<\/div>\r\n<script>(function(w,q){w[q]=w[q]||[];w[q].push([\"_mgc.load\"])})(window,\"_mgq\");\r\n<\/script>\r\n\n<\/div>\n\n<p>Biznesmeni i njohur Elton Ilirjani ishte i ftuar mbr\u00ebmjen e s\u00eb m\u00ebrkur\u00ebs n\u00eb emisionin \u201cOpinion\u201d, ku foli p\u00ebr jet\u00ebn dhe karrier\u00ebn e k\u00ebng\u00ebtares Parashqevi Simaku.<\/p>\n\n\n\n<p>Gjat\u00eb intervist\u00ebs, Ilirjani ndau detaje mbi rrug\u00ebtimin e saj, nga momentet e v\u00ebshtira n\u00eb jet\u00ebn personale deri te vendimi p\u00ebr t\u2019u rikthyer n\u00eb muzik\u00eb.<\/p>\n\n\n\n<p>Ai konfirmoi se Parashqevi Simaku do t\u00eb kthehet n\u00eb Tiran\u00eb n\u00eb muajin shtator, ku pritet t\u00eb mbaj\u00eb edhe nj\u00eb koncert p\u00ebr publikun shqiptar.<\/p>\n\n\n\n<p>Ky lajm ka emocionuar fansat e saj, t\u00eb cil\u00ebt prej vitesh kan\u00eb shpresuar n\u00eb nj\u00eb rikthim t\u00eb k\u00ebng\u00ebtares ikon\u00eb, e cila ka mbetur nj\u00eb nga z\u00ebrat m\u00eb t\u00eb dashur t\u00eb muzik\u00ebs shqiptare.<\/p>\n\n<div style=\"font-size: 0px; height: 0px; line-height: 0px; margin: 0; padding: 0; clear: both;\"><\/div>","protected":false},"excerpt":{"rendered":"<p>Biznesmeni i njohur Elton Ilirjani ishte i ftuar mbr\u00ebmjen e s\u00eb m\u00ebrkur\u00ebs n\u00eb emisionin \u201cOpinion\u201d, ku foli p\u00ebr jet\u00ebn dhe karrier\u00ebn e k\u00ebng\u00ebtares Parashqevi Simaku. Gjat\u00eb intervist\u00ebs,&#8230; <\/p>\n","protected":false},"author":1,"featured_media":22735,"comment_status":"open","ping_status":"open","sticky":false,"template":"","format":"standard","meta":{"footnotes":""},"categories":[6],"tags":[],"class_list":["post-22734","post","type-post","status-publish","format-standard","has-post-thumbnail","hentry","category-lajme"],"_links":{"self":[{"href":"https:\/\/new.findnews5.com\/index.php?rest_route=\/wp\/v2\/posts\/22734","targetHints":{"allow":["GET"]}}],"collection":[{"href":"https:\/\/new.findnews5.com\/index.php?rest_route=\/wp\/v2\/posts"}],"about":[{"href":"https:\/\/new.findnews5.com\/index.php?rest_route=\/wp\/v2\/types\/post"}],"author":[{"embeddable":true,"href":"https:\/\/new.findnews5.com\/index.php?rest_route=\/wp\/v2\/users\/1"}],"replies":[{"embeddable":true,"href":"https:\/\/new.findnews5.com\/index.php?rest_route=%2Fwp%2Fv2%2Fcomments&post=22734"}],"version-history":[{"count":1,"href":"https:\/\/new.findnews5.com\/index.php?rest_route=\/wp\/v2\/posts\/22734\/revisions"}],"predecessor-version":[{"id":22736,"href":"https:\/\/new.findnews5.com\/index.php?rest_route=\/wp\/v2\/posts\/22734\/revisions\/22736"}],"wp:featuredmedia":[{"embeddable":true,"href":"https:\/\/new.findnews5.com\/index.php?rest_route=\/wp\/v2\/media\/22735"}],"wp:attachment":[{"href":"https:\/\/new.findnews5.com\/index.php?rest_route=%2Fwp%2Fv2%2Fmedia&parent=22734"}],"wp:term":[{"taxonomy":"category","embeddable":true,"href":"https:\/\/new.findnews5.com\/index.php?rest_route=%2Fwp%2Fv2%2Fcategories&post=22734"},{"taxonomy":"post_tag","embeddable":true,"href":"https:\/\/new.findnews5.com\/index.php?rest_route=%2Fwp%2Fv2%2Ftags&post=22734"}],"curies":[{"name":"wp","href":"https:\/\/api.w.org\/{rel}","templated":true}]}}