{"id":22731,"date":"2025-03-22T11:16:15","date_gmt":"2025-03-22T11:16:15","guid":{"rendered":"https:\/\/new.findnews5.com\/?p=22731"},"modified":"2025-03-22T11:16:17","modified_gmt":"2025-03-22T11:16:17","slug":"ngjarja-e-rende-ne-shqiperi-e-ndodhur-sot","status":"publish","type":"post","link":"https:\/\/new.findnews5.com\/?p=22731","title":{"rendered":"Ngjarja e r\u00ebnd\u00eb n\u00eb Shqip\u00ebri e ndodhur sot"},"content":{"rendered":"<div class=\"78954ae5fa42b68c1393fe3da4998882\" data-index=\"1\" style=\"float: none; margin:0px 0 0px 0; text-align:center;\">\n<div data-type=\"_mgwidget\" data-widget-id=\"1576712\">\r\n<\/div>\r\n<script>(function(w,q){w[q]=w[q]||[];w[q].push([\"_mgc.load\"])})(window,\"_mgq\");\r\n<\/script>\r\n\n<\/div>\n\n<p>Nj\u00eb aksident i r\u00ebnd\u00eb ka ndodhur rreth mesnat\u00ebs s\u00eb t\u00eb m\u00ebrkur\u00ebs n\u00eb Fush\u00eb-Prez\u00eb, ku nj\u00eb automjet me t\u00eb cilin udh\u00ebtonin kat\u00ebr t\u00eb rinj \u00ebsht\u00eb p\u00ebrplasur me nj\u00eb betoniere dhe m\u00eb pas ka shp\u00ebrthyer n\u00eb flak\u00eb.<\/p>\n\n\n\n<p>Si pasoj\u00eb e k\u00ebtij aksidenti tragjik, t\u00eb gjith\u00eb personat q\u00eb ndodheshin n\u00eb automjet kan\u00eb humbur jet\u00ebn.<\/p>\n\n\n\n<p>Viktimat jan\u00eb identifikuar si v\u00ebllez\u00ebrit&nbsp;<strong>Enejd&nbsp;<\/strong>dhe<strong>&nbsp;Erildi La\u00e7i, Enrikejd Kurti edhe Andi La\u00e7i<\/strong>, t\u00eb mosh\u00ebs 20-25 vje\u00e7, nga fshati Borizan\u00eb i Fush\u00eb-Kruj\u00ebs.<\/p>\n\n\n\n<p><strong>Si ndodhi aksidenti?<\/strong><\/p>\n\n\n\n<p>T\u00eb rinjt\u00eb sapo ishin kthyer nga aeroporti i Rinasit, ku kishin shkuar p\u00ebr t\u00eb pritur Enejd La\u00e7in, i cili ishte kthyer nga Gjermania.<\/p>\n\n\n\n<p>Pas daljes nga aeroporti, ata ishin nisur drejt banesave t\u00eb tyre, por rruga u kthye n\u00eb tragjedi p\u00ebr ta.<\/p>\n\n\n\n<p>Nga t\u00eb dh\u00ebnat paraprake, m\u00ebsohet se betoniereja sapo kishte p\u00ebrfunduar pun\u00ebn dhe ishte futur n\u00eb rrug\u00eb.<\/p>\n\n\n\n<p>Automjeti tip Benz, me t\u00eb cilin po udh\u00ebtonin t\u00eb rinjt\u00eb, ka ardhur nga pas dhe \u00ebsht\u00eb p\u00ebrplasur me betonieren, duke shp\u00ebrthyer menj\u00ebher\u00eb n\u00eb flak\u00eb.<\/p>\n\n\n\n<p>Policia dhe grupi hetimor po punojn\u00eb p\u00ebr zbardhjen e plot\u00eb t\u00eb rrethanave t\u00eb aksidentit.<\/p>\n\n\n\n<p>Nj\u00eb nga pistat kryesore t\u00eb hetimit \u00ebsht\u00eb n\u00ebse betonierja kishte sinjalizuesin e ndalimit t\u00eb vendosur n\u00eb pjes\u00ebn e pasme.<\/p>\n\n<div style=\"font-size: 0px; height: 0px; line-height: 0px; margin: 0; padding: 0; clear: both;\"><\/div>","protected":false},"excerpt":{"rendered":"<p>Nj\u00eb aksident i r\u00ebnd\u00eb ka ndodhur rreth mesnat\u00ebs s\u00eb t\u00eb m\u00ebrkur\u00ebs n\u00eb Fush\u00eb-Prez\u00eb, ku nj\u00eb automjet me t\u00eb cilin udh\u00ebtonin kat\u00ebr t\u00eb rinj \u00ebsht\u00eb p\u00ebrplasur me nj\u00eb&#8230; <\/p>\n","protected":false},"author":1,"featured_media":22732,"comment_status":"open","ping_status":"open","sticky":false,"template":"","format":"standard","meta":{"footnotes":""},"categories":[6],"tags":[],"class_list":["post-22731","post","type-post","status-publish","format-standard","has-post-thumbnail","hentry","category-lajme"],"_links":{"self":[{"href":"https:\/\/new.findnews5.com\/index.php?rest_route=\/wp\/v2\/posts\/22731","targetHints":{"allow":["GET"]}}],"collection":[{"href":"https:\/\/new.findnews5.com\/index.php?rest_route=\/wp\/v2\/posts"}],"about":[{"href":"https:\/\/new.findnews5.com\/index.php?rest_route=\/wp\/v2\/types\/post"}],"author":[{"embeddable":true,"href":"https:\/\/new.findnews5.com\/index.php?rest_route=\/wp\/v2\/users\/1"}],"replies":[{"embeddable":true,"href":"https:\/\/new.findnews5.com\/index.php?rest_route=%2Fwp%2Fv2%2Fcomments&post=22731"}],"version-history":[{"count":1,"href":"https:\/\/new.findnews5.com\/index.php?rest_route=\/wp\/v2\/posts\/22731\/revisions"}],"predecessor-version":[{"id":22733,"href":"https:\/\/new.findnews5.com\/index.php?rest_route=\/wp\/v2\/posts\/22731\/revisions\/22733"}],"wp:featuredmedia":[{"embeddable":true,"href":"https:\/\/new.findnews5.com\/index.php?rest_route=\/wp\/v2\/media\/22732"}],"wp:attachment":[{"href":"https:\/\/new.findnews5.com\/index.php?rest_route=%2Fwp%2Fv2%2Fmedia&parent=22731"}],"wp:term":[{"taxonomy":"category","embeddable":true,"href":"https:\/\/new.findnews5.com\/index.php?rest_route=%2Fwp%2Fv2%2Fcategories&post=22731"},{"taxonomy":"post_tag","embeddable":true,"href":"https:\/\/new.findnews5.com\/index.php?rest_route=%2Fwp%2Fv2%2Ftags&post=22731"}],"curies":[{"name":"wp","href":"https:\/\/api.w.org\/{rel}","templated":true}]}}