{"id":22728,"date":"2025-03-22T11:12:50","date_gmt":"2025-03-22T11:12:50","guid":{"rendered":"https:\/\/new.findnews5.com\/?p=22728"},"modified":"2025-03-22T11:12:52","modified_gmt":"2025-03-22T11:12:52","slug":"sot-varroset-mergimtarja-qe-humbi-jeten-ne-nje-aksident-ne-gjermani-familja-hap-dyert-per-te-pame","status":"publish","type":"post","link":"https:\/\/new.findnews5.com\/?p=22728","title":{"rendered":"Sot varroset m\u00ebrgimtarja q\u00eb humbi jet\u00ebn n\u00eb nj\u00eb aksident n\u00eb Gjermani, familja hap dyert p\u00ebr t\u00eb pame"},"content":{"rendered":"<div class=\"78954ae5fa42b68c1393fe3da4998882\" data-index=\"1\" style=\"float: none; margin:0px 0 0px 0; text-align:center;\">\n<div data-type=\"_mgwidget\" data-widget-id=\"1576712\">\r\n<\/div>\r\n<script>(function(w,q){w[q]=w[q]||[];w[q].push([\"_mgc.load\"])})(window,\"_mgq\");\r\n<\/script>\r\n\n<\/div>\n\n<p><strong>Nj\u00eb aksident tragjik ka ndodhur rreth nj\u00eb jav\u00eb m\u00eb par\u00eb n\u00eb af\u00ebrsi t\u00eb Obers\u00f6chering n\u00eb Gjermani, ku p\u00ebr pasoj\u00eb nj\u00eb m\u00ebrgimtare nga Kosova e cila jetonte atje ka humbur jet\u00ebn dhe disa persona kan\u00eb mbutr t\u00eb l\u00ebnduar.<\/strong><\/p>\n\n\n\n<p>Viktima e k\u00ebtij aksidenti tragjik \u00ebsht\u00eb Shkurte Zuka Rrahmani nga fshati Pozheran, e cila ishte n\u00eb vetur\u00eb bashk\u00eb me djalin e saj, i cili mbeti i l\u00ebnduar.<\/p>\n\n\n\n<p>Varrimi i 42-vje\u00e7ares do t\u00eb b\u00ebhet sot n\u00eb varrezat e fshatit Drobesh t\u00eb Vitis\u00eb, nd\u00ebrsa familja ka njoftuar se do t\u00eb hapin der\u00ebn p\u00ebr ngush\u00ebllime.<\/p>\n\n\n\n<p>\u201cJu njoftojm\u00eb se vorrimi i t\u00eb ndjer\u00ebs Shkurte Zuka Rrahmani (gruaja e Ridvan Sinan Rrahmani) e cila humbi jeten tragjikisht n\u00eb aksident trafiku n\u00eb Gjermani, b\u00ebhet t\u00eb Enjeten me date: 20.03.2025 n\u00eb ora 15:15h n\u00eb varrezat e Fshatit Drobesh.<\/p>\n\n\n\n<p>E pamja p\u00ebr ngush\u00ebllime mbah\u00ebt n\u00eb oborrin e Familjes Rrahmani n\u00eb rrugen Viti-Gerlic n\u00eb dalje t\u00eb Vitis, t\u00eb Premt\u00ebn dhe te Shtun\u00ebn: 21.03.2025-22.03.2025, kurse t\u00eb Dielen me daten 23.03.2025 n\u00eb Pozharan tek Shtepia e Aziz Zuka, nga Ora 09:00-17:00h\u201d, shkruhet n\u00eb njoftim.<\/p>\n\n<div style=\"font-size: 0px; height: 0px; line-height: 0px; margin: 0; padding: 0; clear: both;\"><\/div>","protected":false},"excerpt":{"rendered":"<p>Nj\u00eb aksident tragjik ka ndodhur rreth nj\u00eb jav\u00eb m\u00eb par\u00eb n\u00eb af\u00ebrsi t\u00eb Obers\u00f6chering n\u00eb Gjermani, ku p\u00ebr pasoj\u00eb nj\u00eb m\u00ebrgimtare nga Kosova e cila jetonte atje&#8230; <\/p>\n","protected":false},"author":1,"featured_media":22729,"comment_status":"open","ping_status":"open","sticky":false,"template":"","format":"standard","meta":{"footnotes":""},"categories":[6],"tags":[],"class_list":["post-22728","post","type-post","status-publish","format-standard","has-post-thumbnail","hentry","category-lajme"],"_links":{"self":[{"href":"https:\/\/new.findnews5.com\/index.php?rest_route=\/wp\/v2\/posts\/22728","targetHints":{"allow":["GET"]}}],"collection":[{"href":"https:\/\/new.findnews5.com\/index.php?rest_route=\/wp\/v2\/posts"}],"about":[{"href":"https:\/\/new.findnews5.com\/index.php?rest_route=\/wp\/v2\/types\/post"}],"author":[{"embeddable":true,"href":"https:\/\/new.findnews5.com\/index.php?rest_route=\/wp\/v2\/users\/1"}],"replies":[{"embeddable":true,"href":"https:\/\/new.findnews5.com\/index.php?rest_route=%2Fwp%2Fv2%2Fcomments&post=22728"}],"version-history":[{"count":1,"href":"https:\/\/new.findnews5.com\/index.php?rest_route=\/wp\/v2\/posts\/22728\/revisions"}],"predecessor-version":[{"id":22730,"href":"https:\/\/new.findnews5.com\/index.php?rest_route=\/wp\/v2\/posts\/22728\/revisions\/22730"}],"wp:featuredmedia":[{"embeddable":true,"href":"https:\/\/new.findnews5.com\/index.php?rest_route=\/wp\/v2\/media\/22729"}],"wp:attachment":[{"href":"https:\/\/new.findnews5.com\/index.php?rest_route=%2Fwp%2Fv2%2Fmedia&parent=22728"}],"wp:term":[{"taxonomy":"category","embeddable":true,"href":"https:\/\/new.findnews5.com\/index.php?rest_route=%2Fwp%2Fv2%2Fcategories&post=22728"},{"taxonomy":"post_tag","embeddable":true,"href":"https:\/\/new.findnews5.com\/index.php?rest_route=%2Fwp%2Fv2%2Ftags&post=22728"}],"curies":[{"name":"wp","href":"https:\/\/api.w.org\/{rel}","templated":true}]}}