{"id":22711,"date":"2025-03-21T16:22:40","date_gmt":"2025-03-21T16:22:40","guid":{"rendered":"https:\/\/new.findnews5.com\/?p=22711"},"modified":"2025-03-21T16:22:41","modified_gmt":"2025-03-21T16:22:41","slug":"thaci-te-varri-i-babes-i-vendos-kurore-lulesh-dhe-nje-grusht-dhe-video-dhe-fotografi","status":"publish","type":"post","link":"https:\/\/new.findnews5.com\/?p=22711","title":{"rendered":"Tha\u00e7i te varri i bab\u00ebs: I vendos kuror\u00eb lulesh dhe nj\u00eb grusht dhe (Video dhe fotografi)"},"content":{"rendered":"<div class=\"78954ae5fa42b68c1393fe3da4998882\" data-index=\"1\" style=\"float: none; margin:0px 0 0px 0; text-align:center;\">\n<div data-type=\"_mgwidget\" data-widget-id=\"1576712\">\r\n<\/div>\r\n<script>(function(w,q){w[q]=w[q]||[];w[q].push([\"_mgc.load\"])})(window,\"_mgq\");\r\n<\/script>\r\n\n<\/div>\n\n<p>Presidenti Hashim Tha\u00e7i ka vizituar varrin e babait, pes\u00eb dit\u00eb pas vdekjes s\u00eb tij \u2013 pasi Specialja ia ka aprovuar k\u00ebt\u00eb vizit\u00eb.<\/p>\n\n\n\n<figure class=\"wp-block-image\"><img decoding=\"async\" src=\"https:\/\/nacionale.com\/uploads\/Screenshot-2025-03-21-120330.png\" alt=\"\"\/><\/figure>\n\n\n\n<p>\u201cTe varri yt erdha i fundit bab\u00eb\u201d \u2013 shkruan Tha\u00e7i mes t\u00eb tjerash n\u00eb kuror\u00ebn me lule t\u00eb vendosura n\u00eb varrin e Haxhi Tha\u00e7it.<\/p>\n\n\n\n<p>Para meje erdh\u00ebm mij\u00ebra qytetar\u00eb. S\u00eb shpejti do t\u2019i fal\u00ebnderoj dor\u00eb m\u00eb dor\u00eb, shkruhet n\u00eb kuror\u00ebn q\u00eb Presidenti Tha\u00e7i e vendosi mbi varrin e babait, i cili vdiq para pes\u00eb dit\u00ebsh.<\/p>\n\n\n\n<p>N\u00eb k\u00ebto fotografi, shikoni disa nga momentet nga vizita e Tha\u00e7it, te varrezat e fshatit t\u00eb tij n\u00eb Buroj\u00eb, aty ku prehet babai i tij, Haxhi Tha\u00e7i.<\/p>\n\n\n<iframe loading=\"lazy\" width=\"560\" height=\"315\" src=\"https:\/\/www.youtube.com\/embed\/oxorozhHGpQ?si=ilLgtuY8GU5eamoW\" title=\"YouTube video player\" frameborder=\"0\" allow=\"accelerometer; autoplay; clipboard-write; encrypted-media; gyroscope; picture-in-picture; web-share\" referrerpolicy=\"strict-origin-when-cross-origin\" allowfullscreen><\/iframe>\n<div style=\"font-size: 0px; height: 0px; line-height: 0px; margin: 0; padding: 0; clear: both;\"><\/div>","protected":false},"excerpt":{"rendered":"<p>Presidenti Hashim Tha\u00e7i ka vizituar varrin e babait, pes\u00eb dit\u00eb pas vdekjes s\u00eb tij \u2013 pasi Specialja ia ka aprovuar k\u00ebt\u00eb vizit\u00eb. \u201cTe varri yt erdha i&#8230; <\/p>\n","protected":false},"author":1,"featured_media":22712,"comment_status":"open","ping_status":"open","sticky":false,"template":"","format":"standard","meta":{"footnotes":""},"categories":[6],"tags":[],"class_list":["post-22711","post","type-post","status-publish","format-standard","has-post-thumbnail","hentry","category-lajme"],"_links":{"self":[{"href":"https:\/\/new.findnews5.com\/index.php?rest_route=\/wp\/v2\/posts\/22711","targetHints":{"allow":["GET"]}}],"collection":[{"href":"https:\/\/new.findnews5.com\/index.php?rest_route=\/wp\/v2\/posts"}],"about":[{"href":"https:\/\/new.findnews5.com\/index.php?rest_route=\/wp\/v2\/types\/post"}],"author":[{"embeddable":true,"href":"https:\/\/new.findnews5.com\/index.php?rest_route=\/wp\/v2\/users\/1"}],"replies":[{"embeddable":true,"href":"https:\/\/new.findnews5.com\/index.php?rest_route=%2Fwp%2Fv2%2Fcomments&post=22711"}],"version-history":[{"count":1,"href":"https:\/\/new.findnews5.com\/index.php?rest_route=\/wp\/v2\/posts\/22711\/revisions"}],"predecessor-version":[{"id":22713,"href":"https:\/\/new.findnews5.com\/index.php?rest_route=\/wp\/v2\/posts\/22711\/revisions\/22713"}],"wp:featuredmedia":[{"embeddable":true,"href":"https:\/\/new.findnews5.com\/index.php?rest_route=\/wp\/v2\/media\/22712"}],"wp:attachment":[{"href":"https:\/\/new.findnews5.com\/index.php?rest_route=%2Fwp%2Fv2%2Fmedia&parent=22711"}],"wp:term":[{"taxonomy":"category","embeddable":true,"href":"https:\/\/new.findnews5.com\/index.php?rest_route=%2Fwp%2Fv2%2Fcategories&post=22711"},{"taxonomy":"post_tag","embeddable":true,"href":"https:\/\/new.findnews5.com\/index.php?rest_route=%2Fwp%2Fv2%2Ftags&post=22711"}],"curies":[{"name":"wp","href":"https:\/\/api.w.org\/{rel}","templated":true}]}}