{"id":2271,"date":"2023-08-03T12:07:14","date_gmt":"2023-08-03T12:07:14","guid":{"rendered":"https:\/\/new.findnews5.com\/?p=2271"},"modified":"2023-08-03T12:07:16","modified_gmt":"2023-08-03T12:07:16","slug":"marjeta-e-pallati-176-feston-ditelindjen-ja-sa-vjec-mbush-sot-aktorja-e-njohur","status":"publish","type":"post","link":"https:\/\/new.findnews5.com\/?p=2271","title":{"rendered":"Marjeta e \u201cPallati 176\u201d feston ditelindjen, ja sa vjec mbush sot aktorja e njohur"},"content":{"rendered":"<div class=\"78954ae5fa42b68c1393fe3da4998882\" data-index=\"1\" style=\"float: none; margin:0px 0 0px 0; text-align:center;\">\n<div data-type=\"_mgwidget\" data-widget-id=\"1576712\">\r\n<\/div>\r\n<script>(function(w,q){w[q]=w[q]||[];w[q].push([\"_mgc.load\"])})(window,\"_mgq\");\r\n<\/script>\r\n\n<\/div>\n<p>N\u00eb 36 vite karrier\u00eb n\u00eb sken\u00ebn teatrore ajo ka sjell\u00eb p\u00ebr publikun karaktere dhe personazhe nga m\u00eb t\u00eb ndryshmet, duke u b\u00ebr\u00eb nj\u00eb em\u00ebr i njohur dhe i vler\u00ebsuar.<br \/>\nAktorja Elida Janushi i takon nj\u00eb brezi aktor\u00ebsh, t\u00eb cil\u00ebt jan\u00eb skalitur n\u00eb kujtes\u00ebn e publikut p\u00ebr rolet e ve\u00e7anta dhe t\u00eb bukura q\u00eb kan\u00eb sjell\u00eb para tij.<\/p>\n<p>Dhe pse Elida Janushi ka disa vjet q\u00eb \u00ebsht\u00eb shk\u00ebputur nga skena dhe jeton larg atdheut, ajo ka l\u00ebn\u00eb gjurm\u00ebt e saj t\u00eb pashlyeshme n\u00eb rolet e realizuara gjat\u00eb karrier\u00ebs s\u00eb saj, me z\u00ebrin e saj plot humor e kumbues e me interpretimet e saj t\u00eb mrekullueshme.<\/p>\n<p>Aktorja lind me 1 gusht 1953 dhe sot feston dit\u00eblindjen e 70. Ajo u rrit ne nje familje te madhe me emer e me tradita patriotike e intelektuale ne Vishocice, Devoll. Vajza e vogel e Anes dhe e Zyrdinit,pasi mbaroi shkollen 8-vjecare ne fshat,vazhdoi te mesmen ne gjimnazin e Bilishtit.<\/p>\n<p>Ajo bashke me motrat e medhaja te saja dhe me shume vajza te tjera te zones dolen vullnetare e shkuan per te punuar ne kombinatin e tekstileve ne Berat.<\/p>\n<p>Ketu Elida mori pjese ne grupin e nje Teatri, ne ate rol qe kishte interpretuar me pare me grupin e Teatrit te Vishocices, ne Devoll.<br \/>\nAktivizohet ne fillim gjate studimeve te larta dhe me pas shume shpejt vajzes se re i besohen role kryesore e te rendesishem ne shume drama. Ajo merr pjese ne shfaqje teatrore si psh \u201cLezja\u201d, Shkurta ne \u201cDuke u gdhire viti `45\u201d; Leli ne \u201c Prometeu\u201d; \u201cVershime Pranverore\u201d, Mimoza ne \u201cDoktori pacient\u201d, \u201cFytyra e dyte\u201d, \u201cLuiza Miller\u201d, \u201cRomeo &amp; Zhulieta\u201d , Marjeta ne \u201cPallati 176\u201d,\u201dNata e 12\u201d, \u201cZonja nga qyteti\u201d, \u201cRikardi i III\u201d,\u201d Karnavelet e Korces\u201d, \u201cQuo Svadis\u201d, \u201cVdekja e nje komisioneri\u201d ; Drita tek \u201cShkallet\u201d; Marta tek \u201cMotrat\u201d ; Njera nga vejushat ne dramen \u201cKush e solli Doruntinen\u201d (1989) etj.<\/p>\n<p>Ne Teater ajo ka interpretuar role kryesisht te dores se dyte por hera heres edhe ato kryesore. Natyrisht, roli qe u ngulit ne mendjen e spektatorit ishte ai i Marjetes tek \u201cPallati 176\u201d<\/p>\n<p>Ne film deputon tek \u201cBrazdat\u201d ne vitin 1973 qe kur ishte studente. Me pas eshte mesuesja e Nertil Dulit ne filmin e mirenjohur\u201dShoku yne Tili\u201d duke interpretuar ne kete film nje rol realist pa sforcime e prirur drejt se thjeshtes ;<\/p>\n<p>Ka punuar me nj\u00eb plejad\u00ebe aktor\u00ebsh q\u00eb i vijn\u00eb rrall\u00eb sken\u00ebs, ekranit, apo sheshit t\u00eb xhirimeve me Korifejt\u00eb e teatrit si Mihal Popi, Kadri Roshi, Naim Frash\u00ebri, Prokop Mima, Sand\u00ebr Prosi, Marije Logoreci, Violeta Manushi, Margarita Xhepa, Drita Pelingu, pa permendur dhe regjisor\u00ebt.<\/p>\n\n<div style=\"font-size: 0px; height: 0px; line-height: 0px; margin: 0; padding: 0; clear: both;\"><\/div>","protected":false},"excerpt":{"rendered":"<p>N\u00eb 36 vite karrier\u00eb n\u00eb sken\u00ebn teatrore ajo ka sjell\u00eb p\u00ebr publikun karaktere dhe personazhe nga m\u00eb t\u00eb ndryshmet, duke u b\u00ebr\u00eb nj\u00eb em\u00ebr i njohur dhe&#8230; <\/p>\n","protected":false},"author":1,"featured_media":2272,"comment_status":"open","ping_status":"open","sticky":false,"template":"","format":"standard","meta":{"footnotes":""},"categories":[1],"tags":[],"class_list":["post-2271","post","type-post","status-publish","format-standard","has-post-thumbnail","hentry","category-uncategorized"],"_links":{"self":[{"href":"https:\/\/new.findnews5.com\/index.php?rest_route=\/wp\/v2\/posts\/2271","targetHints":{"allow":["GET"]}}],"collection":[{"href":"https:\/\/new.findnews5.com\/index.php?rest_route=\/wp\/v2\/posts"}],"about":[{"href":"https:\/\/new.findnews5.com\/index.php?rest_route=\/wp\/v2\/types\/post"}],"author":[{"embeddable":true,"href":"https:\/\/new.findnews5.com\/index.php?rest_route=\/wp\/v2\/users\/1"}],"replies":[{"embeddable":true,"href":"https:\/\/new.findnews5.com\/index.php?rest_route=%2Fwp%2Fv2%2Fcomments&post=2271"}],"version-history":[{"count":0,"href":"https:\/\/new.findnews5.com\/index.php?rest_route=\/wp\/v2\/posts\/2271\/revisions"}],"wp:featuredmedia":[{"embeddable":true,"href":"https:\/\/new.findnews5.com\/index.php?rest_route=\/wp\/v2\/media\/2272"}],"wp:attachment":[{"href":"https:\/\/new.findnews5.com\/index.php?rest_route=%2Fwp%2Fv2%2Fmedia&parent=2271"}],"wp:term":[{"taxonomy":"category","embeddable":true,"href":"https:\/\/new.findnews5.com\/index.php?rest_route=%2Fwp%2Fv2%2Fcategories&post=2271"},{"taxonomy":"post_tag","embeddable":true,"href":"https:\/\/new.findnews5.com\/index.php?rest_route=%2Fwp%2Fv2%2Ftags&post=2271"}],"curies":[{"name":"wp","href":"https:\/\/api.w.org\/{rel}","templated":true}]}}