{"id":22688,"date":"2025-03-20T14:57:22","date_gmt":"2025-03-20T14:57:22","guid":{"rendered":"https:\/\/new.findnews5.com\/?p=22688"},"modified":"2025-03-20T14:57:32","modified_gmt":"2025-03-20T14:57:32","slug":"laerti-zbulon-te-verteten-per-qendrimin-e-gjestit-ne-big-brother-pse-tani-eshte-i-tepert-ne-shtepi","status":"publish","type":"post","link":"https:\/\/new.findnews5.com\/?p=22688","title":{"rendered":"Laerti zbulon t\u00eb v\u00ebrtet\u00ebn p\u00ebr q\u00ebndrimin e Gjestit n\u00eb Big Brother: Pse tani \u00ebsht\u00eb i tep\u00ebrt n\u00eb sht\u00ebpi?"},"content":{"rendered":"<div class=\"78954ae5fa42b68c1393fe3da4998882\" data-index=\"1\" style=\"float: none; margin:0px 0 0px 0; text-align:center;\">\n<div data-type=\"_mgwidget\" data-widget-id=\"1576712\">\r\n<\/div>\r\n<script>(function(w,q){w[q]=w[q]||[];w[q].push([\"_mgc.load\"])})(window,\"_mgq\");\r\n<\/script>\r\n\n<\/div>\n<p>Laert Vasili ka komentuar s\u00eb fundmi situat\u00ebn dhe banor\u00ebt e formatit Big Brother, duke folur p\u00ebr marr\u00ebdh\u00ebnien me Gjestin dhe p\u00ebr q\u00ebndrimin e tij n\u00eb sht\u00ebpi.<\/p>\n<p>N\u00eb nj\u00eb intervist\u00eb t\u00eb fundit, Laerti ka shprehur mendimin e tij rreth Gjestit, i cili ka mbajtur nj\u00eb rol t\u00eb r\u00ebnd\u00ebsish\u00ebm n\u00eb program. Si\u00e7 thot\u00eb ai, q\u00ebllimi kryesor i Gjestit ishte t\u00eb mb\u00ebshteste Eglin, por tani, sipas Laertit, duket se nuk ka asgj\u00eb m\u00eb p\u00ebr t\u00eb ofruar p\u00ebr q\u00ebndrimin e tij n\u00eb sht\u00ebpi.<\/p>\n<p>\u201c\u00c7far\u00eb po b\u00ebn tani, hi\u00e7 kot. \u00c7far\u00eb t\u00eb b\u00ebj\u00eb tjet\u00ebr n\u00eb sht\u00ebpi?\u201d, shprehet Laerti, duke theksuar se Gjesti tani duket i pap\u00ebrshtatsh\u00ebm p\u00ebr atmosfer\u00ebn aktuale n\u00eb sht\u00ebpi.<\/p>\n<p>Gjat\u00eb bised\u00ebs, Laerti ka treguar gjithashtu se ka pasur marr\u00ebdh\u00ebnie t\u00eb mira me Gjestin, pavar\u00ebsisht disa debateve q\u00eb kan\u00eb ndodhur mes tyre. \u201cKa koh\u00eb q\u00eb ne e njohim nj\u00ebri-tjetrin dhe kjo ka ndihmuar n\u00eb mbajtjen e nj\u00eb ambienti t\u00eb qet\u00eb\u201d, shton ai.<\/p>\n<p>Laerti thekson gjithashtu se Gjesti \u00ebsht\u00eb nj\u00eb nga personazhet m\u00eb t\u00eb komentuar t\u00eb k\u00ebtij reality show. Ajo q\u00eb e b\u00ebn Gjestin t\u00eb ve\u00e7ant\u00eb \u00ebsht\u00eb se ai ka nj\u00eb aft\u00ebsi t\u00eb jasht\u00ebzakonshme p\u00ebr t\u00eb t\u00ebrhequr v\u00ebmendjen e t\u00eb tjer\u00ebve, madje edhe kur situatat jan\u00eb t\u00eb tensionuara.<\/p>\n<p>P\u00ebrsa i p\u00ebrket q\u00ebndrimit t\u00eb tij, Laerti ka n\u00ebnvizuar se ai \u00ebsht\u00eb af\u00ebr pes\u00eb muajve t\u00eb izoluar. Pas kalimit nga Big Brother Kosova n\u00eb at\u00eb t\u00eb Shqip\u00ebris\u00eb, p\u00ebrvojat e tij n\u00eb dy formate t\u00eb ndryshme jan\u00eb plot\u00ebsuar me sfida t\u00eb reja.<\/p>\n<p>Ajo q\u00eb e b\u00ebn t\u00eb ve\u00e7ant\u00eb k\u00ebt\u00eb edicion t\u00eb Big Brother \u00ebsht\u00eb dinamika dhe interaksionet mes banor\u00ebve. Laerti, duke folur p\u00ebr k\u00ebt\u00eb, shpreh se \u00e7do dit\u00eb sjell situata dhe drama t\u00eb reja, duke e b\u00ebr\u00eb p\u00ebrvoj\u00ebn edhe m\u00eb emocionuese.<\/p>\n<p>N\u00eb lidhje me eksperiencat e tij personale gjat\u00eb q\u00ebndrimit n\u00eb format, Laerti pohon se ka m\u00ebsuar shum\u00eb rreth vetes dhe mbi marr\u00ebdh\u00ebniet me t\u00eb tjer\u00ebt. Ai beson se \u00e7do minut\u00eb e kaluar aty ka vler\u00eb dhe se \u00ebsht\u00eb nj\u00eb mund\u00ebsi e shk\u00eblqyer p\u00ebr t\u00eb zhvilluar vet\u00ebdijen dhe aft\u00ebsit\u00eb sociale.<\/p>\n<p>P\u00ebrfundimisht, Laerti shprehet se gjith\u00e7ka q\u00eb ndodh brenda sht\u00ebpis\u00eb \u00ebsht\u00eb nj\u00eb reflektim i jet\u00ebs reale, duke theksuar se edhe pse Big Brother \u00ebsht\u00eb nj\u00eb program televiziv, emocionet dhe lidhjet q\u00eb krijohen jan\u00eb t\u00eb v\u00ebrteta. Ky edicion premton t\u00eb sjell\u00eb m\u00eb shum\u00eb dram\u00eb dhe befasira, dhe banor\u00ebt si Gjesti dhe Laerti do t\u00eb ken\u00eb nj\u00eb rol t\u00eb r\u00ebnd\u00ebsish\u00ebm n\u00eb k\u00ebt\u00eb tregim dinamik.<\/p>\n\n<div style=\"font-size: 0px; height: 0px; line-height: 0px; margin: 0; padding: 0; clear: both;\"><\/div>","protected":false},"excerpt":{"rendered":"<p>Laert Vasili ka komentuar s\u00eb fundmi situat\u00ebn dhe banor\u00ebt e formatit Big Brother, duke folur p\u00ebr marr\u00ebdh\u00ebnien me Gjestin dhe p\u00ebr q\u00ebndrimin e tij n\u00eb sht\u00ebpi. N\u00eb&#8230; <\/p>\n","protected":false},"author":1,"featured_media":22689,"comment_status":"open","ping_status":"open","sticky":false,"template":"","format":"standard","meta":{"footnotes":""},"categories":[6],"tags":[],"class_list":["post-22688","post","type-post","status-publish","format-standard","has-post-thumbnail","hentry","category-lajme"],"_links":{"self":[{"href":"https:\/\/new.findnews5.com\/index.php?rest_route=\/wp\/v2\/posts\/22688","targetHints":{"allow":["GET"]}}],"collection":[{"href":"https:\/\/new.findnews5.com\/index.php?rest_route=\/wp\/v2\/posts"}],"about":[{"href":"https:\/\/new.findnews5.com\/index.php?rest_route=\/wp\/v2\/types\/post"}],"author":[{"embeddable":true,"href":"https:\/\/new.findnews5.com\/index.php?rest_route=\/wp\/v2\/users\/1"}],"replies":[{"embeddable":true,"href":"https:\/\/new.findnews5.com\/index.php?rest_route=%2Fwp%2Fv2%2Fcomments&post=22688"}],"version-history":[{"count":0,"href":"https:\/\/new.findnews5.com\/index.php?rest_route=\/wp\/v2\/posts\/22688\/revisions"}],"wp:featuredmedia":[{"embeddable":true,"href":"https:\/\/new.findnews5.com\/index.php?rest_route=\/wp\/v2\/media\/22689"}],"wp:attachment":[{"href":"https:\/\/new.findnews5.com\/index.php?rest_route=%2Fwp%2Fv2%2Fmedia&parent=22688"}],"wp:term":[{"taxonomy":"category","embeddable":true,"href":"https:\/\/new.findnews5.com\/index.php?rest_route=%2Fwp%2Fv2%2Fcategories&post=22688"},{"taxonomy":"post_tag","embeddable":true,"href":"https:\/\/new.findnews5.com\/index.php?rest_route=%2Fwp%2Fv2%2Ftags&post=22688"}],"curies":[{"name":"wp","href":"https:\/\/api.w.org\/{rel}","templated":true}]}}