{"id":22685,"date":"2025-03-19T15:13:26","date_gmt":"2025-03-19T15:13:26","guid":{"rendered":"https:\/\/new.findnews5.com\/?p=22685"},"modified":"2025-03-19T15:13:28","modified_gmt":"2025-03-19T15:13:28","slug":"befason-gjesti-bullgaria-eshte-kryeqytet-i-serbise","status":"publish","type":"post","link":"https:\/\/new.findnews5.com\/?p=22685","title":{"rendered":"Befason Gjesti: Bullgaria \u00ebsht\u00eb kryeqytet i Serbis\u00eb"},"content":{"rendered":"<div class=\"78954ae5fa42b68c1393fe3da4998882\" data-index=\"1\" style=\"float: none; margin:0px 0 0px 0; text-align:center;\">\n<div data-type=\"_mgwidget\" data-widget-id=\"1576712\">\r\n<\/div>\r\n<script>(function(w,q){w[q]=w[q]||[];w[q].push([\"_mgc.load\"])})(window,\"_mgq\");\r\n<\/script>\r\n\n<\/div>\n\n<p><strong>Mbr\u00ebmjen e kaluar, debati mbi identitetin dhe p\u00ebrkat\u00ebsin\u00eb komb\u00ebtare shp\u00ebrtheu n\u00eb m\u00ebnyr\u00eb surpriz\u00eb mes banor\u00ebve, me Gjestin n\u00eb qend\u00ebr t\u00eb p\u00ebrplasjes.<\/strong><\/p>\n\n\n\n<p>Diskutimet u ndez\u00ebn kur Gjesti kritikoi Vserlon p\u00ebr p\u00ebrdorimin e termit \u201cmodele bullgare\u201d, duke e sfiduar me pyetje rreth etiketimeve dhe stereotipave.<\/p>\n\n\n\n<p>Konflikti u intensifikua me Gjestin q\u00eb p\u00ebrpiqej t\u00eb mbante q\u00ebndrim p\u00ebr q\u00ebndrimin e tij, p\u00ebrve\u00e7se nj\u00eb gabimi t\u00eb duksh\u00ebm n\u00eb njohurit\u00eb gjeografike.<\/p>\n\n\n\n<p><em>\u201cTi je q\u00eb thua modele prej Bullgaris\u00eb, Bullgaria e din\u00eb t\u00eb gjith\u00eb kush \u00ebsht\u00eb. Ti e ke p\u00ebrmendur Bullgarin\u00eb, jo un\u00eb. Bullgaria \u00ebsht\u00eb kryeqyteti i Serbis\u00eb!<\/em>\u201d \u2013 n\u00eb k\u00ebt\u00eb m\u00ebnyr\u00eb Gjesti b\u00ebri nj\u00eb deklarat\u00eb shokuese q\u00eb la t\u00eb gjith\u00eb t\u00eb pranishmit t\u00eb habitur.<\/p>\n\n\n\n<figure class=\"wp-block-image\"><img decoding=\"async\" src=\"https:\/\/infokosova.net\/wp-content\/uploads\/2025\/02\/vserlo-gjesti-b-47896321444.jpg\" alt=\"\" class=\"wp-image-209044\"\/><\/figure>\n\n\n\n<p>Rozana, nj\u00eb nga banor\u00ebt e tjer\u00eb, u p\u00ebrpoq t\u00eb sqaroj\u00eb situat\u00ebn duke i kujtuar se kryeqyteti i Bullgaris\u00eb \u00ebsht\u00eb Sofia, nj\u00eb informacion bazik q\u00eb duket se i ishte shp\u00ebrfille Gjesti.<\/p>\n\n\n\n<p>Megjithat\u00eb, ai nuk ishte i gatsh\u00ebm t\u00eb pranoj\u00eb korrigjimin, duke vazhduar t\u00eb insistoj\u00eb:<em>\u201cBullgaria \u00ebsht\u00eb kryeqyteti i Serbis\u00eb, mesa di un\u00eb\u201d.<\/em><\/p>\n\n\n\n<p>Incidenti p\u00ebrb\u00ebn nj\u00eb pamje t\u00eb qart\u00eb p\u00ebr tensionet dhe mosmarr\u00ebveshjet q\u00eb shpesh dalin nga interpretime t\u00eb gabuara t\u00eb historis\u00eb dhe gjeografis\u00eb. N\u00eb nj\u00eb bot\u00eb ku informacioni \u00ebsht\u00eb m\u00eb i leht\u00eb se kurr\u00eb, gabime t\u00eb tilla jan\u00eb t\u00eb papranueshme p\u00ebr ata q\u00eb pretendojn\u00eb t\u00eb jen\u00eb n\u00eb qend\u00ebr t\u00eb diskutimeve publike.<\/p>\n\n\n\n<figure class=\"wp-block-image\"><img decoding=\"async\" src=\"https:\/\/infokosova.net\/wp-content\/uploads\/2025\/03\/gjesti-b-98534905.jpg\" alt=\"\" class=\"wp-image-221477\"\/><\/figure>\n\n<div style=\"font-size: 0px; height: 0px; line-height: 0px; margin: 0; padding: 0; clear: both;\"><\/div>","protected":false},"excerpt":{"rendered":"<p>Mbr\u00ebmjen e kaluar, debati mbi identitetin dhe p\u00ebrkat\u00ebsin\u00eb komb\u00ebtare shp\u00ebrtheu n\u00eb m\u00ebnyr\u00eb surpriz\u00eb mes banor\u00ebve, me Gjestin n\u00eb qend\u00ebr t\u00eb p\u00ebrplasjes. Diskutimet u ndez\u00ebn kur Gjesti kritikoi&#8230; <\/p>\n","protected":false},"author":1,"featured_media":22686,"comment_status":"open","ping_status":"open","sticky":false,"template":"","format":"standard","meta":{"footnotes":""},"categories":[6],"tags":[],"class_list":["post-22685","post","type-post","status-publish","format-standard","has-post-thumbnail","hentry","category-lajme"],"_links":{"self":[{"href":"https:\/\/new.findnews5.com\/index.php?rest_route=\/wp\/v2\/posts\/22685","targetHints":{"allow":["GET"]}}],"collection":[{"href":"https:\/\/new.findnews5.com\/index.php?rest_route=\/wp\/v2\/posts"}],"about":[{"href":"https:\/\/new.findnews5.com\/index.php?rest_route=\/wp\/v2\/types\/post"}],"author":[{"embeddable":true,"href":"https:\/\/new.findnews5.com\/index.php?rest_route=\/wp\/v2\/users\/1"}],"replies":[{"embeddable":true,"href":"https:\/\/new.findnews5.com\/index.php?rest_route=%2Fwp%2Fv2%2Fcomments&post=22685"}],"version-history":[{"count":0,"href":"https:\/\/new.findnews5.com\/index.php?rest_route=\/wp\/v2\/posts\/22685\/revisions"}],"wp:featuredmedia":[{"embeddable":true,"href":"https:\/\/new.findnews5.com\/index.php?rest_route=\/wp\/v2\/media\/22686"}],"wp:attachment":[{"href":"https:\/\/new.findnews5.com\/index.php?rest_route=%2Fwp%2Fv2%2Fmedia&parent=22685"}],"wp:term":[{"taxonomy":"category","embeddable":true,"href":"https:\/\/new.findnews5.com\/index.php?rest_route=%2Fwp%2Fv2%2Fcategories&post=22685"},{"taxonomy":"post_tag","embeddable":true,"href":"https:\/\/new.findnews5.com\/index.php?rest_route=%2Fwp%2Fv2%2Ftags&post=22685"}],"curies":[{"name":"wp","href":"https:\/\/api.w.org\/{rel}","templated":true}]}}