{"id":22678,"date":"2025-03-19T15:06:08","date_gmt":"2025-03-19T15:06:08","guid":{"rendered":"https:\/\/new.findnews5.com\/?p=22678"},"modified":"2025-03-19T15:06:10","modified_gmt":"2025-03-19T15:06:10","slug":"nuk-me-duhet-jeta-mua-flet-babai-qe-i-vdiq-djali-21-vjec-ne-diskoteken-ne-kocan","status":"publish","type":"post","link":"https:\/\/new.findnews5.com\/?p=22678","title":{"rendered":"\u201cNuk m\u00eb duhet jeta mua\u201d, flet babai q\u00eb i vdiq djali 21-vje\u00e7 n\u00eb diskotek\u00ebn n\u00eb Ko\u00e7an"},"content":{"rendered":"<div class=\"78954ae5fa42b68c1393fe3da4998882\" data-index=\"1\" style=\"float: none; margin:0px 0 0px 0; text-align:center;\">\n<div data-type=\"_mgwidget\" data-widget-id=\"1576712\">\r\n<\/div>\r\n<script>(function(w,q){w[q]=w[q]||[];w[q].push([\"_mgc.load\"])})(window,\"_mgq\");\r\n<\/script>\r\n\n<\/div>\n<p>Dragi Stojanov \u00ebsht\u00eb nj\u00eb nga prind\u00ebrit q\u00eb ka humbur djalin nga tragjedia n\u00eb diskotek\u00ebn \u201cPuls\u201d n\u00eb Ko\u00e7an, ku jet\u00ebn humb\u00ebn 51 persona.<\/p>\n<p>Stojanov thot\u00eb se djali i tij Tom\u00e7e ishte n\u00eb mosh\u00ebn 21 vje\u00e7e, nd\u00ebrsa faj\u00ebson autoritetet p\u00ebr tragjedin\u00eb.<\/p>\n<p>\u201cEdhe ata t\u00eb vajtojn\u00eb p\u00ebr f\u00ebmij\u00ebt e tyre! P\u00ebr \u00e7far\u00eb m\u00eb duhet jeta mua, nuk m\u00eb duhet mua jeta. Nj\u00eb f\u00ebmij\u00eb kam pasur, p\u00ebr \u00e7far\u00eb m\u00eb duhet jeta\u2026Nj\u00eb f\u00ebmij\u00eb kam pasur, vdiq, \u00e7far\u00eb t\u00eb b\u00ebj\u00eb, edhe t\u00eb tyre mos t\u00eb jen\u00eb m\u00eb, edhe ata t\u00eb vuajn\u00eb si\u00e7 po vuaj un\u00eb. 150 persona n\u00eb nj\u00eb disko, 500 persona n\u00eb disko. Sa vjet kishte f\u00ebmija juaj? 21 vjet, tani duhej t\u00eb jetonte\u2026Nga Ko\u00e7ani! T\u00eb lajm\u00ebrohen shefat e policis\u00eb, t\u00eb korruptuar, droga, i drogojn\u00eb. Diskoteka, diskoteka e kujt \u00ebsht\u00eb? E t\u00eb m\u00ebdhenjve. Nuk m\u00eb duhet jeta mua? E kujt \u00ebsht\u00eb diskoteka? E din\u00eb ata, e t\u00eb m\u00ebdhenjve, nuk \u00ebsht\u00eb e imja\u201d, tha mes tjerash Stojanov.<\/p>\n\n<div style=\"font-size: 0px; height: 0px; line-height: 0px; margin: 0; padding: 0; clear: both;\"><\/div>","protected":false},"excerpt":{"rendered":"<p>Dragi Stojanov \u00ebsht\u00eb nj\u00eb nga prind\u00ebrit q\u00eb ka humbur djalin nga tragjedia n\u00eb diskotek\u00ebn \u201cPuls\u201d n\u00eb Ko\u00e7an, ku jet\u00ebn humb\u00ebn 51 persona. Stojanov thot\u00eb se djali i&#8230; <\/p>\n","protected":false},"author":1,"featured_media":22680,"comment_status":"open","ping_status":"open","sticky":false,"template":"","format":"standard","meta":{"footnotes":""},"categories":[6],"tags":[],"class_list":["post-22678","post","type-post","status-publish","format-standard","has-post-thumbnail","hentry","category-lajme"],"_links":{"self":[{"href":"https:\/\/new.findnews5.com\/index.php?rest_route=\/wp\/v2\/posts\/22678","targetHints":{"allow":["GET"]}}],"collection":[{"href":"https:\/\/new.findnews5.com\/index.php?rest_route=\/wp\/v2\/posts"}],"about":[{"href":"https:\/\/new.findnews5.com\/index.php?rest_route=\/wp\/v2\/types\/post"}],"author":[{"embeddable":true,"href":"https:\/\/new.findnews5.com\/index.php?rest_route=\/wp\/v2\/users\/1"}],"replies":[{"embeddable":true,"href":"https:\/\/new.findnews5.com\/index.php?rest_route=%2Fwp%2Fv2%2Fcomments&post=22678"}],"version-history":[{"count":0,"href":"https:\/\/new.findnews5.com\/index.php?rest_route=\/wp\/v2\/posts\/22678\/revisions"}],"wp:featuredmedia":[{"embeddable":true,"href":"https:\/\/new.findnews5.com\/index.php?rest_route=\/wp\/v2\/media\/22680"}],"wp:attachment":[{"href":"https:\/\/new.findnews5.com\/index.php?rest_route=%2Fwp%2Fv2%2Fmedia&parent=22678"}],"wp:term":[{"taxonomy":"category","embeddable":true,"href":"https:\/\/new.findnews5.com\/index.php?rest_route=%2Fwp%2Fv2%2Fcategories&post=22678"},{"taxonomy":"post_tag","embeddable":true,"href":"https:\/\/new.findnews5.com\/index.php?rest_route=%2Fwp%2Fv2%2Ftags&post=22678"}],"curies":[{"name":"wp","href":"https:\/\/api.w.org\/{rel}","templated":true}]}}