{"id":22660,"date":"2025-03-19T14:50:07","date_gmt":"2025-03-19T14:50:07","guid":{"rendered":"https:\/\/new.findnews5.com\/?p=22660"},"modified":"2025-03-19T14:50:09","modified_gmt":"2025-03-19T14:50:09","slug":"babai-i-vedatit-per-dy-minuta-ma-mbyten-djalin-ne-spital-nderhyri-prokuroria-dhe-policia","status":"publish","type":"post","link":"https:\/\/new.findnews5.com\/?p=22660","title":{"rendered":"Babai i Vedatit: P\u00ebr dy minuta ma mbyt\u00ebn djalin! N\u00eb Spital nd\u00ebrhyri Prokuroria dhe policia"},"content":{"rendered":"<div class=\"78954ae5fa42b68c1393fe3da4998882\" data-index=\"1\" style=\"float: none; margin:0px 0 0px 0; text-align:center;\">\n<div data-type=\"_mgwidget\" data-widget-id=\"1576712\">\r\n<\/div>\r\n<script>(function(w,q){w[q]=w[q]||[];w[q].push([\"_mgc.load\"])})(window,\"_mgq\");\r\n<\/script>\r\n\n<\/div>\n<p>\u201cP\u00ebr dy minuta ma kan\u00eb marr djalin, ai e ka hetuar menj\u00ebher\u00eb, se ka pasur dhimbje e ka ndal vet\u00eb, por deri sa e qova un\u00eb ti jap pak uj\u00eb aty te \u00e7ezma ta freskoj, djali m\u00eb shkoj.\u201d<\/p>\n<p>Babai i t\u00eb ndjerit Vedat Ademi rr\u00ebfen tmerrin q\u00eb kan\u00eb p\u00ebrjetuar n\u00eb Spitalin e Kumanov\u00ebs. Amet Ademi thot\u00eb se nga terapia q\u00eb i kan\u00eb dh\u00ebn\u00eb, djali ka pasur reaksion t\u00eb fort\u00eb alergjik dhe ka nd\u00ebrruar jet\u00eb. Ata akoma pa u b\u00ebr\u00eb 24 or\u00eb kthehen te spitali duke treguar se nj\u00eb gabim mjek\u00ebsor i mbyti djalin n\u00eb lule t\u00eb rinis\u00eb. Ai tha se e \u00e7oi djalin n\u00eb k\u00ebmb\u00eb t\u00eb veta p\u00ebr ta sh\u00ebruar, nd\u00ebrsa nga spitali e nxor\u00ebn n\u00eb arkivol.<\/p>\n<p>Amet Ademi, Babai i t\u00eb ndjerit (0009\/3.50-4.20\/<br \/>\n\u201cA mundi t\u00eb ta thot\u00eb djali ndonj\u00eb fjal\u00eb t\u00eb fundit? Djali, fjal\u00ebn e fundit ma tha: babi m\u00eb mbyt\u00ebn! Qato mi ka th\u00ebn\u00eb, babi m\u00eb vran\u00eb. A p\u00ebr t\u2019i pasur fajet ai q\u00eb ka organizu, q\u00eb i ka fut ato se motra medicinale s\u2019din\u00eb \u00e7far\u00eb t\u00eb jep. Ai doktori \u00e7far\u00eb i ka dh\u00ebn\u00eb i ka futur ato l\u00ebnd\u00eb, terapit\u00eb. Cili doktor? Zoran Gjeorgjievski, ishet aty kujdestar.\u201d<\/p>\n<p>Ekipi i Tv21 hyri deri n\u00eb ambientet e brendshme t\u00eb spitalit ku ndodhi edhe fatkeq\u00ebsia. Por nuk e gjet\u00ebm aty doktorin Gjeorgjievski. At\u00eb e kontaktuam p\u00ebrmes telefonit, i cili na tha se nuk e ka par\u00eb librez\u00ebn se \u00ebsht\u00eb alergjik dhe se n\u00eb dh\u00ebnien e terapis\u00eb ka ndodhur nj\u00eb gabim mjek\u00ebsor nga personeli..<\/p>\n<p>Stand Up: Adnan Qaili, Gazetar (0.01-0.18)<br \/>\n\u201cKy \u00ebsht\u00eb reparti kirurgjikal n\u00eb spitalin e p\u00ebrgjithsh\u00ebm t\u00eb Kumanov\u00ebs, praktikisht ne jemi ambulant\u00ebn ditore ku jepen terapit\u00eb e pacient\u00ebve, t\u00eb cil\u00ebt vijn\u00eb. Fatkeq\u00ebsisht kjo \u00ebsht\u00eb dera ku ka ndodhur rasti dhe ka nd\u00ebrruar jet\u00eb pacienti Vedat Ademi.\u201d<\/p>\n<p>Mesdit\u00eb e s\u00eb h\u00ebn\u00ebs ndodhi ajo q\u00eb nuk duhej t\u00eb ndodh tha drejtori Stefan Trajanovski. Sipas tij askush nuk do t\u2019i ik\u00eb p\u00ebrgjegj\u00ebsis\u00eb, por fillimisht pritet raporti i autopsis\u00eb nga Instituti i mjek\u00ebsis\u00eb ligjore. Ndon\u00ebse n\u00eb librez\u00ebn e sh\u00ebndet\u00ebsis\u00eb ka shkruar se 32 vje\u00e7i \u00ebsht\u00eb alergjik nga analgetik\u00ebt, terapia intravenoze me infuzion i \u00ebsht\u00eb dh\u00ebn\u00eb pik\u00ebrisht me k\u00ebt\u00eb substanc\u00eb analgini q\u00eb dyshohet se i solli edhe vdekjen klinike.<\/p>\n<p>Stefan Trajanovski, Drejtor i Spitalit t\u00eb Kumanov\u00ebs (0021\/3.25-3.42\/4.49-5.02)<br \/>\n\u201cN\u00eb or\u00ebt e vona kur p\u00ebr her\u00eb t\u00eb par\u00eb erdhi ishe nj\u00eb doktor kudjestar. Por, kur iu \u00ebsht\u00eb aplikuar terapia, tjet\u00ebr koleg\u00eb ka qen\u00eb n\u00eb pun\u00eb. Kur iu p\u00ebrkeq\u00ebsua gjendja t\u00eb ndjerit, ishte Zoran Gjeorgjievski? Po! Un\u00eb si drejtor mund t\u00eb ju d\u00ebshmoj se pas p\u00ebrfundimit t\u00eb procedur\u00eb hetimore askush nuk do t\u00eb lirohet nga p\u00ebrgjegj\u00ebsia, at\u00eb mund t\u00eb ju v\u00ebrtetoj! At\u00eb e garantoj para opinionit, pas p\u00ebrfundimit t\u00eb procedur\u00ebs hetimore askush nuk do ti ik\u00eb p\u00ebrgjegj\u00ebsis\u00eb.\u201d<\/p>\n<p>Familjar\u00ebt pretendojn\u00eb se spitali ka dashur ta fsheh rastin duke e thirrur menj\u00ebher\u00eb sh\u00ebrbimin mortor, p\u00ebr ta d\u00ebrguar n\u00eb murg. Por, me insistim t\u00eb prind\u00ebrve rasti \u00ebsht\u00eb denoncuar edhe n\u00eb polici.<\/p>\n<p>GRAFIKA \u2013 Sektori p\u00ebr pun\u00eb t\u00eb brendshme Kumanov\u00eb<br \/>\n\u201cMe dat\u00eb 17.03.2025 n\u00eb ora 11.35 n\u00eb Stacionin Policor t\u00eb Kumanov\u00ebs \u00ebsht\u00eb marr\u00eb njoftim nga Spitali i P\u00ebrgjithsh\u00ebm i Kumanov\u00ebs se n\u00eb gjendje t\u00eb r\u00ebnduar sh\u00ebndet\u00ebsore n\u00eb spital \u00ebsht\u00eb sjell\u00eb V.A. Me urdh\u00ebr t\u00eb prokurorit publik, trupi i pajet\u00eb \u00ebsht\u00eb dor\u00ebzuar p\u00ebr autopsi, nd\u00ebrsa nga zyrtar\u00ebt policor\u00eb \u00ebsht\u00eb b\u00ebr\u00eb kontrolli dhe intervistimi i t\u00eb gjith\u00eb personelit mjek\u00ebsor t\u00eb pranish\u00ebm. Rasti \u00ebsht\u00eb duke u zbardhur.\u201d<\/p>\n<p>K\u00ebrkuam p\u00ebrgjigje edhe n\u00eb Ministrin\u00eb e Sh\u00ebndet\u00ebsis\u00eb. Nga atje thon\u00eb se tani m\u00eb kan\u00eb formuar komision t\u00eb posa\u00e7\u00ebm, t\u00eb cil\u00ebt do t\u00eb iniciojn\u00eb nj\u00eb kontroll t\u00eb jasht\u00ebzakonshme nga Inspektorati shtet\u00ebror sanitar sh\u00ebndet\u00ebsor p\u00ebr t\u00eb zbuluar l\u00ebshimet e mundshme nga personeli mjek\u00ebsor, raport i cili do ti dor\u00ebzohet prokuroris\u00eb p\u00ebr hetim t\u00eb m\u00ebtutjesh\u00ebm t\u00eb rastit.<br \/>\nNdryshe varrimi i t\u00eb ndjerit u b\u00eb sot n\u00eb qytetin e Kumanov\u00ebs!<\/p>\n\n<div style=\"font-size: 0px; height: 0px; line-height: 0px; margin: 0; padding: 0; clear: both;\"><\/div>","protected":false},"excerpt":{"rendered":"<p>\u201cP\u00ebr dy minuta ma kan\u00eb marr djalin, ai e ka hetuar menj\u00ebher\u00eb, se ka pasur dhimbje e ka ndal vet\u00eb, por deri sa e qova un\u00eb ti&#8230; <\/p>\n","protected":false},"author":1,"featured_media":22661,"comment_status":"open","ping_status":"open","sticky":false,"template":"","format":"standard","meta":{"footnotes":""},"categories":[6],"tags":[],"class_list":["post-22660","post","type-post","status-publish","format-standard","has-post-thumbnail","hentry","category-lajme"],"_links":{"self":[{"href":"https:\/\/new.findnews5.com\/index.php?rest_route=\/wp\/v2\/posts\/22660","targetHints":{"allow":["GET"]}}],"collection":[{"href":"https:\/\/new.findnews5.com\/index.php?rest_route=\/wp\/v2\/posts"}],"about":[{"href":"https:\/\/new.findnews5.com\/index.php?rest_route=\/wp\/v2\/types\/post"}],"author":[{"embeddable":true,"href":"https:\/\/new.findnews5.com\/index.php?rest_route=\/wp\/v2\/users\/1"}],"replies":[{"embeddable":true,"href":"https:\/\/new.findnews5.com\/index.php?rest_route=%2Fwp%2Fv2%2Fcomments&post=22660"}],"version-history":[{"count":0,"href":"https:\/\/new.findnews5.com\/index.php?rest_route=\/wp\/v2\/posts\/22660\/revisions"}],"wp:featuredmedia":[{"embeddable":true,"href":"https:\/\/new.findnews5.com\/index.php?rest_route=\/wp\/v2\/media\/22661"}],"wp:attachment":[{"href":"https:\/\/new.findnews5.com\/index.php?rest_route=%2Fwp%2Fv2%2Fmedia&parent=22660"}],"wp:term":[{"taxonomy":"category","embeddable":true,"href":"https:\/\/new.findnews5.com\/index.php?rest_route=%2Fwp%2Fv2%2Fcategories&post=22660"},{"taxonomy":"post_tag","embeddable":true,"href":"https:\/\/new.findnews5.com\/index.php?rest_route=%2Fwp%2Fv2%2Ftags&post=22660"}],"curies":[{"name":"wp","href":"https:\/\/api.w.org\/{rel}","templated":true}]}}