{"id":22652,"date":"2025-03-16T16:05:14","date_gmt":"2025-03-16T16:05:14","guid":{"rendered":"https:\/\/new.findnews5.com\/?p=22652"},"modified":"2025-03-16T16:05:16","modified_gmt":"2025-03-16T16:05:16","slug":"malaj-kritik-me-ramen-me-dhemb-kur-shoh-qe-investon-4-mln-per-kopshtin-eden-ndersa-femijet-ne-periferi-skane-uje","status":"publish","type":"post","link":"https:\/\/new.findnews5.com\/?p=22652","title":{"rendered":"Malaj kritik me Ram\u00ebn: M\u00eb dhemb kur shoh q\u00eb investon 4 mln $ p\u00ebr kopshtin Eden, nd\u00ebrsa f\u00ebmij\u00ebt n\u00eb periferi s\u2019kan\u00eb uj\u00eb"},"content":{"rendered":"<div class=\"78954ae5fa42b68c1393fe3da4998882\" data-index=\"1\" style=\"float: none; margin:0px 0 0px 0; text-align:center;\">\n<div data-type=\"_mgwidget\" data-widget-id=\"1576712\">\r\n<\/div>\r\n<script>(function(w,q){w[q]=w[q]||[];w[q].push([\"_mgc.load\"])})(window,\"_mgq\");\r\n<\/script>\r\n\n<\/div>\n<p>Ish-ministri socialist Arben Malaj n\u00eb studion e News24 kritikoi kryeministrin Edi Rama kur tha se merr vendime personale dhe emocionale. Ai iu referua edhe investimit 4 mln dollar\u00eb t\u00eb qeveris\u00eb p\u00ebr t\u00eb ngritur Parkun Eden, duke e konsideruar t\u00eb tep\u00ebrt.<\/p>\n<p>Malaj tha se \u201ci dhemb n\u00eb shpirt\u201d kur sheh q\u00eb \u201cRama investon 4 mln dollar\u00eb p\u00ebr kopshtin n\u00eb kryeministri\u201d, nd\u00ebrkoh\u00eb, sipas tij, f\u00ebmij\u00ebt n\u00eb periferi t\u00eb vendit nuk kan\u00eb uj\u00eb p\u00ebr t\u00eb pir\u00eb.<\/p>\n<p>\u201dM\u00eb dhemb kur Rama investon 4 mln dollar\u00eb p\u00ebr kopshtin Eden dhe loz atje me peshqit, nd\u00ebrsa f\u00ebmij\u00ebt e vegj\u00ebl t\u00eb Panaja dhe K\u00ebrkov\u00ebs nuk kan\u00eb uj\u00eb p\u00ebr t\u00eb pir\u00eb. Rama merr vendime emocionale dhe personale. Thot\u00eb q\u00eb \u00ebsht\u00eb personale, \u00e7do gj\u00eb \u00ebsht\u00eb personale te pjesa ligjore por jo te pjesa politike. Problemi \u00ebsht\u00eb t\u00eb mos i zgjidh\u00ebsh n\u00eb m\u00ebnyr\u00eb individuale dhe pastaj meq\u00eb nuk ke dardha te kopshti Edenit t\u00eb thuash q\u00eb ata han\u00eb dardha prapa kurrizit tim, po le t\u00eb b\u00ebj\u00eb nj\u00eb kop\u00ebsht me dardha p\u00ebrpara Kryeministris\u00eb e t\u00eb mos t\u2019i haj\u00eb njeri nga pas. Sa t\u00eb han\u00eb kokrr\u00ebn e par\u00eb, ky t\u2019i kap\u00eb\u201d, tha Arben Malaj.<\/p>\n<p><iframe loading=\"lazy\" width=\"560\" height=\"315\" src=\"https:\/\/www.youtube.com\/embed\/VIIlCeddc8s?si=hA-Sc9cQevhl1cch\" title=\"YouTube video player\" frameborder=\"0\" allow=\"accelerometer; autoplay; clipboard-write; encrypted-media; gyroscope; picture-in-picture; web-share\" referrerpolicy=\"strict-origin-when-cross-origin\" allowfullscreen><\/iframe><\/p>\n\n<div style=\"font-size: 0px; height: 0px; line-height: 0px; margin: 0; padding: 0; clear: both;\"><\/div>","protected":false},"excerpt":{"rendered":"<p>Ish-ministri socialist Arben Malaj n\u00eb studion e News24 kritikoi kryeministrin Edi Rama kur tha se merr vendime personale dhe emocionale. Ai iu referua edhe investimit 4 mln&#8230; <\/p>\n","protected":false},"author":1,"featured_media":22653,"comment_status":"open","ping_status":"open","sticky":false,"template":"","format":"standard","meta":{"footnotes":""},"categories":[6],"tags":[],"class_list":["post-22652","post","type-post","status-publish","format-standard","has-post-thumbnail","hentry","category-lajme"],"_links":{"self":[{"href":"https:\/\/new.findnews5.com\/index.php?rest_route=\/wp\/v2\/posts\/22652","targetHints":{"allow":["GET"]}}],"collection":[{"href":"https:\/\/new.findnews5.com\/index.php?rest_route=\/wp\/v2\/posts"}],"about":[{"href":"https:\/\/new.findnews5.com\/index.php?rest_route=\/wp\/v2\/types\/post"}],"author":[{"embeddable":true,"href":"https:\/\/new.findnews5.com\/index.php?rest_route=\/wp\/v2\/users\/1"}],"replies":[{"embeddable":true,"href":"https:\/\/new.findnews5.com\/index.php?rest_route=%2Fwp%2Fv2%2Fcomments&post=22652"}],"version-history":[{"count":0,"href":"https:\/\/new.findnews5.com\/index.php?rest_route=\/wp\/v2\/posts\/22652\/revisions"}],"wp:featuredmedia":[{"embeddable":true,"href":"https:\/\/new.findnews5.com\/index.php?rest_route=\/wp\/v2\/media\/22653"}],"wp:attachment":[{"href":"https:\/\/new.findnews5.com\/index.php?rest_route=%2Fwp%2Fv2%2Fmedia&parent=22652"}],"wp:term":[{"taxonomy":"category","embeddable":true,"href":"https:\/\/new.findnews5.com\/index.php?rest_route=%2Fwp%2Fv2%2Fcategories&post=22652"},{"taxonomy":"post_tag","embeddable":true,"href":"https:\/\/new.findnews5.com\/index.php?rest_route=%2Fwp%2Fv2%2Ftags&post=22652"}],"curies":[{"name":"wp","href":"https:\/\/api.w.org\/{rel}","templated":true}]}}