{"id":22649,"date":"2025-03-16T15:57:47","date_gmt":"2025-03-16T15:57:47","guid":{"rendered":"https:\/\/new.findnews5.com\/?p=22649"},"modified":"2025-03-16T15:57:50","modified_gmt":"2025-03-16T15:57:50","slug":"pas-luftes-ne-ukraine-do-te-merret-me-kosoven-ja-kush-e-thote","status":"publish","type":"post","link":"https:\/\/new.findnews5.com\/?p=22649","title":{"rendered":"&#8220;Pas luft\u00ebs n\u00eb Ukrain\u00eb, do t\u00eb merret me Kosov\u00ebn&#8221;-ja kush e thot\u00eb.."},"content":{"rendered":"<div class=\"78954ae5fa42b68c1393fe3da4998882\" data-index=\"1\" style=\"float: none; margin:0px 0 0px 0; text-align:center;\">\n<div data-type=\"_mgwidget\" data-widget-id=\"1576712\">\r\n<\/div>\r\n<script>(function(w,q){w[q]=w[q]||[];w[q].push([\"_mgc.load\"])})(window,\"_mgq\");\r\n<\/script>\r\n\n<\/div>\n<p>Ambasadori ukrainas, Volodymyr Tolkach, sipas mediave serbe, ka deklaruar se presidenti rus, Vladimir Putin ka th\u00ebn\u00eb se \u201cdo t\u00eb merret me Kosov\u00ebn, pas luft\u00ebs n\u00eb Ukrain\u00eb\u201d.<\/p>\n<p>Mediumi serb opozitar, \u201cDanas\u201d, ka cituar k\u00ebt\u00eb deklarat\u00eb t\u00eb ambasadorit, i cili tutje shtoi: \u201c\u2026kjo \u00ebsht\u00eb arsyeja pse duhet t\u00eb pyesim vet\u00ebn se \u00e7far\u00eb mund t\u00eb pritet pas nj\u00eb l\u00ebvizje t\u00eb till\u00eb\u201d.<\/p>\n<p>\u201cLufta n\u00eb Ukrain\u00eb nuk ka filluar nj\u00eb vit m\u00eb par\u00eb, por tet\u00eb vite m\u00eb par\u00eb, kur Rusia aneksoi Krimen\u00eb dhe nisi konflikte n\u00eb Donbass.\u201d \u2013 ka th\u00ebn\u00eb ai.<\/p>\n<p>Theksojm\u00eb se m\u00eb 24 shkurt 2025, b\u00ebhen tre vite q\u00eb prej fillimit t\u00eb agresionit rus n\u00eb Ukrain\u00eb. Nj\u00eb vit m\u00eb von\u00eb, mij\u00ebra civil\u00eb kan\u00eb vdekur, qytete t\u00eb t\u00ebra jan\u00eb shkat\u00ebrruar dhe dhjet\u00ebra mij\u00ebra trupa ushtarak\u00eb t\u00eb vrar\u00eb a plagosur nga at\u00eb dyja pal\u00ebt.<\/p>\n<p>Nd\u00ebrkaq, sot ot n\u00eb seanc\u00ebn e Kuvendit t\u00eb Kosov\u00ebs \u00ebsht\u00eb mbajtur nj\u00eb minut\u00eb heshtje p\u00ebr t\u00eb gjith\u00eb viktimat q\u00eb kan\u00eb r\u00ebn\u00eb n\u00eb Ukrain\u00eb si pasoj\u00eb e agresionit rus.<\/p>\n\n<div style=\"font-size: 0px; height: 0px; line-height: 0px; margin: 0; padding: 0; clear: both;\"><\/div>","protected":false},"excerpt":{"rendered":"<p>Ambasadori ukrainas, Volodymyr Tolkach, sipas mediave serbe, ka deklaruar se presidenti rus, Vladimir Putin ka th\u00ebn\u00eb se \u201cdo t\u00eb merret me Kosov\u00ebn, pas luft\u00ebs n\u00eb Ukrain\u00eb\u201d. Mediumi&#8230; <\/p>\n","protected":false},"author":1,"featured_media":22650,"comment_status":"open","ping_status":"open","sticky":false,"template":"","format":"standard","meta":{"footnotes":""},"categories":[6],"tags":[],"class_list":["post-22649","post","type-post","status-publish","format-standard","has-post-thumbnail","hentry","category-lajme"],"_links":{"self":[{"href":"https:\/\/new.findnews5.com\/index.php?rest_route=\/wp\/v2\/posts\/22649","targetHints":{"allow":["GET"]}}],"collection":[{"href":"https:\/\/new.findnews5.com\/index.php?rest_route=\/wp\/v2\/posts"}],"about":[{"href":"https:\/\/new.findnews5.com\/index.php?rest_route=\/wp\/v2\/types\/post"}],"author":[{"embeddable":true,"href":"https:\/\/new.findnews5.com\/index.php?rest_route=\/wp\/v2\/users\/1"}],"replies":[{"embeddable":true,"href":"https:\/\/new.findnews5.com\/index.php?rest_route=%2Fwp%2Fv2%2Fcomments&post=22649"}],"version-history":[{"count":0,"href":"https:\/\/new.findnews5.com\/index.php?rest_route=\/wp\/v2\/posts\/22649\/revisions"}],"wp:featuredmedia":[{"embeddable":true,"href":"https:\/\/new.findnews5.com\/index.php?rest_route=\/wp\/v2\/media\/22650"}],"wp:attachment":[{"href":"https:\/\/new.findnews5.com\/index.php?rest_route=%2Fwp%2Fv2%2Fmedia&parent=22649"}],"wp:term":[{"taxonomy":"category","embeddable":true,"href":"https:\/\/new.findnews5.com\/index.php?rest_route=%2Fwp%2Fv2%2Fcategories&post=22649"},{"taxonomy":"post_tag","embeddable":true,"href":"https:\/\/new.findnews5.com\/index.php?rest_route=%2Fwp%2Fv2%2Ftags&post=22649"}],"curies":[{"name":"wp","href":"https:\/\/api.w.org\/{rel}","templated":true}]}}