{"id":22627,"date":"2025-03-15T20:10:11","date_gmt":"2025-03-15T20:10:11","guid":{"rendered":"https:\/\/new.findnews5.com\/?p=22627"},"modified":"2025-03-15T20:10:13","modified_gmt":"2025-03-15T20:10:13","slug":"vuciqi-perballet-me-protesten-me-te-madhe-antiqeveritare-ndonjehere-ne-serbi-sipas-mediave-nderkombetare","status":"publish","type":"post","link":"https:\/\/new.findnews5.com\/?p=22627","title":{"rendered":"Vu\u00e7iqi p\u00ebrballet me protest\u00ebn m\u00eb t\u00eb madhe antiqeveritare ndonj\u00ebher\u00eb n\u00eb Serbi, sipas mediave nd\u00ebrkomb\u00ebtare"},"content":{"rendered":"<div class=\"78954ae5fa42b68c1393fe3da4998882\" data-index=\"1\" style=\"float: none; margin:0px 0 0px 0; text-align:center;\">\n<div data-type=\"_mgwidget\" data-widget-id=\"1576712\">\r\n<\/div>\r\n<script>(function(w,q){w[q]=w[q]||[];w[q].push([\"_mgc.load\"])})(window,\"_mgq\");\r\n<\/script>\r\n\n<\/div>\n\n<p><strong>Beogradi \u00ebsht\u00eb p\u00ebrfshir\u00eb nga protesta t\u00eb paprecedenta t\u00eb shtun\u00ebn, me 100,000 njer\u00ebz \u2013 sipas&nbsp;<a href=\"https:\/\/www.reuters.com\/world\/europe\/huge-crowds-join-anti-government-rally-belgrade-after-sporadic-violence-2025-03-15\/\">Reuters<\/a>&nbsp;\u2013 q\u00eb kan\u00eb bllokuar rrug\u00ebt dhe sheshet e kryeqitetit serb n\u00eb nj\u00eb protest\u00eb masive kund\u00ebr presidentit Aleksandar Vu\u00e7iq dhe qeveris\u00eb s\u00eb tij.<\/strong><\/p>\n\n\n\n<p>Sipas raportimeve nga mediat rajonale dhe globale, protesta e sotme konsiderohet si kulmi i nj\u00eb vale pak\u00ebnaq\u00ebsie q\u00eb ka p\u00ebrfshir\u00eb vendin prej muajsh. Protestuesit kan\u00eb pushtuar sheshin p\u00ebrpara Kuvendit t\u00eb Serbis\u00eb, duke e b\u00ebr\u00eb pothuajse t\u00eb pamundur qarkullimin n\u00eb at\u00eb pjes\u00eb.<\/p>\n\n\n\n<p>Turmat jan\u00eb zgjeruar m\u00eb tej drejt Sheshit Slavija, ku \u00ebsht\u00eb ngritur skena kryesore p\u00ebr fjalimet dhe thirrjet e organizator\u00ebve. Sipas&nbsp;<a href=\"https:\/\/www.rtvslo.si\/svet\/evropa\/ohromljen-beograd-preplavili-protestniki-nas-boj-ni-boj-posameznika-ampak-je-skupen-boj\/739524\">televizionit shtet\u00ebror slloven<\/a>,&nbsp;<em>\u201cNata \u00ebsht\u00eb m\u00eb e err\u00ebt para agimit\u201d<\/em>, \u00ebsht\u00eb p\u00ebrs\u00ebritur vazhdimisht nga student\u00ebt, t\u00eb cil\u00ebt i kan\u00eb b\u00ebr\u00eb thirrje qytetar\u00ebve t\u00eb q\u00ebndrojn\u00eb t\u00eb pal\u00ebkundur deri n\u00eb p\u00ebrmbushjen e k\u00ebrkesave t\u00eb tyre.<\/p>\n\n\n\n<p>\u201cPres q\u00eb kjo t\u00eb trondit\u00eb autoritetin e tij dhe q\u00eb Vu\u00e7iq t\u00eb kuptoj\u00eb se njer\u00ebzit nuk jan\u00eb m\u00eb me t\u00eb,\u201d citohet t\u00eb ket\u00eb th\u00ebn\u00eb Milenko Kova\u00e7eviq, nj\u00eb nga pjes\u00ebmarr\u00ebsit e protest\u00ebs. Sipas&nbsp;<a href=\"https:\/\/apnews.com\/article\/serbia-protest-students-vucic-74fff7381f2d6e6ba084aeb17aa88163\">Associated Press<\/a>, tubimi \u00ebsht\u00eb<em>&nbsp;&#8220;ndoshta protesta m\u00eb e madhe antiqeveritare e mbajtur ndonj\u00ebher\u00eb n\u00eb vendin ballkanik.&#8221;&nbsp;<\/em>Edhe&nbsp;<a href=\"https:\/\/www.reuters.com\/world\/europe\/huge-crowds-join-anti-government-rally-belgrade-after-sporadic-violence-2025-03-15\/\">Reuters<\/a>&nbsp;e ka p\u00ebrshkruar protest\u00ebn si&nbsp;<em>&#8220;n\u00eb nj\u00eb nga tubimet m\u00eb t\u00eb m\u00ebdha antiqeveritare.&#8221;<\/em><\/p>\n\n\n\n<figure class=\"wp-block-image\"><img decoding=\"async\" src=\"https:\/\/nacionale.com\/uploads\/Screenshot-2025-03-15-184914.png\" alt=\"\"\/><\/figure>\n\n\n\n<h6 class=\"wp-block-heading\">Foto:&nbsp;<a href=\"https:\/\/www.reuters.com\/world\/europe\/huge-crowds-join-anti-government-rally-belgrade-after-sporadic-violence-2025-03-15\/\">Reuters.<\/a><\/h6>\n\n\n\n<h3 class=\"wp-block-heading\"><strong>Shtohet presioni ndaj Vu\u00e7iqit<\/strong><\/h3>\n\n\n\n<p>Nd\u00ebrkoh\u00eb, autoritetet serbe kan\u00eb vendosur nj\u00eb prani t\u00eb madhe policore n\u00eb t\u00eb gjith\u00eb qytetin, me mjete t\u00eb blinduara dhe uj\u00eb-hedh\u00ebse q\u00eb jan\u00eb vendosur n\u00eb gatishm\u00ebri.<\/p>\n\n\n\n<p>N\u00eb p\u00ebrpjekje d\u00ebshp\u00ebruese p\u00ebr t\u00eb shuar val\u00ebn e protestave, Vu\u00e7iq deklaroi sot se prapa tubimeve fshihen skenar\u00eb t\u00eb dhun\u00ebs, duke paralajm\u00ebruar masa t\u00eb r\u00ebnda p\u00ebr \u00e7far\u00ebdolloj incidenti.<\/p>\n\n\n\n<p>N\u00eb p\u00ebrgjigje t\u00eb trazirave n\u00eb rritje, raporohet se autoritetet mor\u00ebn masa t\u00eb paprecedenta p\u00ebr t\u00eb kufizuar p\u00ebrhapjen e informacionit.<\/p>\n\n\n\n<p>Q\u00eb n\u00eb m\u00ebngjes, student\u00ebt than\u00eb se kishin marr\u00eb paralajm\u00ebrime se qasja n\u00eb rrjetet sociale do t\u00eb kufizohej n\u00eb kryeqytet. Transporti publik u ndalua rreth or\u00ebs 09:00 me justifikimin e \u201cmasave t\u00eb siguris\u00eb\u201d, duke e b\u00ebr\u00eb edhe m\u00eb t\u00eb v\u00ebshtir\u00eb l\u00ebvizjen p\u00ebr protestuesit.<\/p>\n\n\n\n<p>Pavar\u00ebsisht k\u00ebtyre p\u00ebrpjekjeve, video dhe imazhe t\u00eb turm\u00ebs masive kan\u00eb pushtuar platformat online, duke ushqyer m\u00eb tej momentumin e l\u00ebvizjes.<\/p>\n\n\n\n<figure class=\"wp-block-image\"><img decoding=\"async\" src=\"https:\/\/nacionale.com\/uploads\/Screenshot-2025-03-15-201031.png\" alt=\"\"\/><\/figure>\n\n\n\n<h6 class=\"wp-block-heading\">Foto:&nbsp;<a href=\"https:\/\/www.delo.si\/novice\/svet\/najvecji-protest-v-zgodovini-srbije-incident-ze-ponoci\">Delo<\/a>.<\/h6>\n\n\n\n<h3 class=\"wp-block-heading\"><strong>\u00c7ka i shkaktoi protestat?<\/strong><\/h3>\n\n\n\n<p>Protestat u nxit\u00ebn nga shembja tragjike e nj\u00eb mbulese t\u00eb stacionit t\u00eb ri hekurudhor n\u00eb Novi Sad m\u00eb 1 n\u00ebntor, e cila mori jet\u00ebn e 15 personave. Kjo protest\u00eb, e quajtur &#8220;15 p\u00ebr 15&#8221; n\u00eb kujtim t\u00eb tyre, sh\u00ebnon protesten e gjasht\u00eb masive q\u00eb nga ngjarja.<\/p>\n\n\n\n<p>L\u00ebvizja e udh\u00ebhequr nga student\u00ebt \u00ebsht\u00eb bashkuar rreth kat\u00ebr k\u00ebrkesave kryesore, m\u00eb e r\u00ebnd\u00ebsishmja prej t\u00eb cilave, sipa N1, \u00ebsht\u00eb publikimi i plot\u00eb i dokumentacionit t\u00eb nd\u00ebrtimit t\u00eb stacionit dhe nj\u00eb hetim i pavarur mbi katastrof\u00ebn, t\u00eb cil\u00ebn shum\u00eb e lidhin me korrupsionin sistematik t\u00eb qeveris\u00eb.<\/p>\n\n<div style=\"font-size: 0px; height: 0px; line-height: 0px; margin: 0; padding: 0; clear: both;\"><\/div>","protected":false},"excerpt":{"rendered":"<p>Beogradi \u00ebsht\u00eb p\u00ebrfshir\u00eb nga protesta t\u00eb paprecedenta t\u00eb shtun\u00ebn, me 100,000 njer\u00ebz \u2013 sipas&nbsp;Reuters&nbsp;\u2013 q\u00eb kan\u00eb bllokuar rrug\u00ebt dhe sheshet e kryeqitetit serb n\u00eb nj\u00eb protest\u00eb masive&#8230; <\/p>\n","protected":false},"author":1,"featured_media":22628,"comment_status":"open","ping_status":"open","sticky":false,"template":"","format":"standard","meta":{"footnotes":""},"categories":[6],"tags":[],"class_list":["post-22627","post","type-post","status-publish","format-standard","has-post-thumbnail","hentry","category-lajme"],"_links":{"self":[{"href":"https:\/\/new.findnews5.com\/index.php?rest_route=\/wp\/v2\/posts\/22627","targetHints":{"allow":["GET"]}}],"collection":[{"href":"https:\/\/new.findnews5.com\/index.php?rest_route=\/wp\/v2\/posts"}],"about":[{"href":"https:\/\/new.findnews5.com\/index.php?rest_route=\/wp\/v2\/types\/post"}],"author":[{"embeddable":true,"href":"https:\/\/new.findnews5.com\/index.php?rest_route=\/wp\/v2\/users\/1"}],"replies":[{"embeddable":true,"href":"https:\/\/new.findnews5.com\/index.php?rest_route=%2Fwp%2Fv2%2Fcomments&post=22627"}],"version-history":[{"count":0,"href":"https:\/\/new.findnews5.com\/index.php?rest_route=\/wp\/v2\/posts\/22627\/revisions"}],"wp:featuredmedia":[{"embeddable":true,"href":"https:\/\/new.findnews5.com\/index.php?rest_route=\/wp\/v2\/media\/22628"}],"wp:attachment":[{"href":"https:\/\/new.findnews5.com\/index.php?rest_route=%2Fwp%2Fv2%2Fmedia&parent=22627"}],"wp:term":[{"taxonomy":"category","embeddable":true,"href":"https:\/\/new.findnews5.com\/index.php?rest_route=%2Fwp%2Fv2%2Fcategories&post=22627"},{"taxonomy":"post_tag","embeddable":true,"href":"https:\/\/new.findnews5.com\/index.php?rest_route=%2Fwp%2Fv2%2Ftags&post=22627"}],"curies":[{"name":"wp","href":"https:\/\/api.w.org\/{rel}","templated":true}]}}