{"id":22618,"date":"2025-03-15T20:01:43","date_gmt":"2025-03-15T20:01:43","guid":{"rendered":"https:\/\/new.findnews5.com\/?p=22618"},"modified":"2025-03-15T20:01:45","modified_gmt":"2025-03-15T20:01:45","slug":"nje-muaj-ne-izolim-veliaj-nga-qelia-lenia-e-tiranes-pa-drejtim-eshte-grusht-ndaj-qytetit-puneve-dhe-votuesve","status":"publish","type":"post","link":"https:\/\/new.findnews5.com\/?p=22618","title":{"rendered":"\u201cNj\u00eb muaj n\u00eb izolim\u2026\u201d Veliaj nga qelia: L\u00ebnia e Tiran\u00ebs pa drejtim \u00ebsht\u00eb \u201cgrusht\u201d ndaj qytetit, pun\u00ebve dhe votuesve"},"content":{"rendered":"<div class=\"78954ae5fa42b68c1393fe3da4998882\" data-index=\"1\" style=\"float: none; margin:0px 0 0px 0; text-align:center;\">\n<div data-type=\"_mgwidget\" data-widget-id=\"1576712\">\r\n<\/div>\r\n<script>(function(w,q){w[q]=w[q]||[];w[q].push([\"_mgc.load\"])})(window,\"_mgq\");\r\n<\/script>\r\n\n<\/div>\n<p>Reagimi:<\/p>\n<p>P\u00ebrsh\u00ebndetje miq,<\/p>\n<p>Pas nj\u00eb muaji izolim, nes\u00ebr do t\u00eb rikthehem p\u00ebr t\u00eb mbrojtur veten, familjen, por edhe \u00e7do shqiptar, q\u00eb beson se:<\/p>\n<p>Letrat anonime jan\u00eb pjesa m\u00eb e sh\u00ebmtuar e regjimit q\u00eb lam\u00eb pas e s\u2019kan\u00eb vend n\u00eb Shqip\u00ebrin\u00eb moderne. Shpallja \u201ci d\u00ebnuar\u201d pa gjyq q\u00eb n\u00eb nisje, ndodhte n\u00eb dit\u00ebt m\u00eb t\u00eb err\u00ebta t\u00eb ferrit komunist, por jo n\u00eb nj\u00eb demokraci europiane. Hetimi i biografis\u00eb personale apo vetting-u i paligjsh\u00ebm, si ky imi p\u00ebr 20 vjet, ndodhte vet\u00ebm n\u00eb koh\u00ebn e Sali Enverit, por jo sot n\u00eb shek. XXI.<\/p>\n<p>K\u00ebrkesa p\u00ebr pendes\u00eb ende pa akuz\u00eb, ngjan me gjyqet popullore histerike n\u00eb vitet \u201860, por jo n\u00eb 2025. Persekutimi i familjes nga nj\u00eb noter nga babi, me 5-a, pa merit\u00eb e pa ligj, nd\u00ebrtues n\u00eb konflikt interesi, nuk mund t\u00eb jet\u00eb etaloni i Reform\u00ebs n\u00eb Drejt\u00ebsi.<\/p>\n<p>L\u00ebnia e kryeqytetit pa drejtim nga i votuari i njer\u00ebzve me nj\u00eb t\u00eb r\u00ebn\u00eb t\u00eb lapsit \u00ebsht\u00eb, n\u00eb mos grusht shteti, grusht ndaj qytetit, pun\u00ebve t\u00eb tij dhe votuesve t\u00eb Tiran\u00ebs.<\/p>\n<p>Shteti me \u201cUacap\u201d n\u00eb dit\u00eb pushimi, nga militant\u00eb t\u00eb zellsh\u00ebm t\u00eb Saliut, sot hetues t\u00eb Olsit, \u00ebsht\u00eb fyerje ndaj reform\u00ebs ku besuam t\u00eb gjith\u00eb.<\/p>\n<p>Trajtimi i sip\u00ebrmarresve si \u201ckulak\u00eb\u201d dhe p\u00ebrgjimi i njer\u00ebzve t\u00eb biznesit pa fakte, i p\u00ebrket Shqip\u00ebris\u00eb s\u00eb pas luft\u00ebs, jo t\u00eb demokracis\u00eb.<\/p>\n<p>Presioni ndaj d\u00ebshmitar\u00ebve, duke iu kujtuar burgun, prind\u00ebrit e f\u00ebmij\u00ebt, u p\u00ebrket xhelat\u00ebve t\u00eb nj\u00eb regjimi, jo demokracis\u00eb.<\/p>\n<p>Prezumimi i pafaj\u00ebsis\u00eb \u00ebsht\u00eb detyrim p\u00ebr standard Europian, dhe jo histeri kolektive e banaqeve, portaleve dhe kund\u00ebrshtar\u00ebve q\u00eb me vot\u00eb i mund\u00ebm 7 her\u00eb n\u00eb Tiran\u00eb, e ve\u00e7 me dhun\u00eb mund t\u00eb na heqin nga fushata.<\/p>\n<p>M\u00eb shum\u00eb do t\u00eb them nes\u00ebr n\u00eb seanc\u00eb!<\/p>\n<p>Shpresoj t\u00eb jeni mir\u00eb! Kush po agj\u00ebron, e past\u00eb sa m\u00eb t\u00eb leht\u00eb, e kush m\u00eb ka menduar e m\u00eb ka mbajtur n\u00eb lutje, Zoti ju bekoft\u00eb!<\/p>\n\n<div style=\"font-size: 0px; height: 0px; line-height: 0px; margin: 0; padding: 0; clear: both;\"><\/div>","protected":false},"excerpt":{"rendered":"<p>Reagimi: P\u00ebrsh\u00ebndetje miq, Pas nj\u00eb muaji izolim, nes\u00ebr do t\u00eb rikthehem p\u00ebr t\u00eb mbrojtur veten, familjen, por edhe \u00e7do shqiptar, q\u00eb beson se: Letrat anonime jan\u00eb pjesa&#8230; <\/p>\n","protected":false},"author":1,"featured_media":22619,"comment_status":"open","ping_status":"open","sticky":false,"template":"","format":"standard","meta":{"footnotes":""},"categories":[6],"tags":[],"class_list":["post-22618","post","type-post","status-publish","format-standard","has-post-thumbnail","hentry","category-lajme"],"_links":{"self":[{"href":"https:\/\/new.findnews5.com\/index.php?rest_route=\/wp\/v2\/posts\/22618","targetHints":{"allow":["GET"]}}],"collection":[{"href":"https:\/\/new.findnews5.com\/index.php?rest_route=\/wp\/v2\/posts"}],"about":[{"href":"https:\/\/new.findnews5.com\/index.php?rest_route=\/wp\/v2\/types\/post"}],"author":[{"embeddable":true,"href":"https:\/\/new.findnews5.com\/index.php?rest_route=\/wp\/v2\/users\/1"}],"replies":[{"embeddable":true,"href":"https:\/\/new.findnews5.com\/index.php?rest_route=%2Fwp%2Fv2%2Fcomments&post=22618"}],"version-history":[{"count":0,"href":"https:\/\/new.findnews5.com\/index.php?rest_route=\/wp\/v2\/posts\/22618\/revisions"}],"wp:featuredmedia":[{"embeddable":true,"href":"https:\/\/new.findnews5.com\/index.php?rest_route=\/wp\/v2\/media\/22619"}],"wp:attachment":[{"href":"https:\/\/new.findnews5.com\/index.php?rest_route=%2Fwp%2Fv2%2Fmedia&parent=22618"}],"wp:term":[{"taxonomy":"category","embeddable":true,"href":"https:\/\/new.findnews5.com\/index.php?rest_route=%2Fwp%2Fv2%2Fcategories&post=22618"},{"taxonomy":"post_tag","embeddable":true,"href":"https:\/\/new.findnews5.com\/index.php?rest_route=%2Fwp%2Fv2%2Ftags&post=22618"}],"curies":[{"name":"wp","href":"https:\/\/api.w.org\/{rel}","templated":true}]}}