{"id":22611,"date":"2025-03-15T10:25:33","date_gmt":"2025-03-15T10:25:33","guid":{"rendered":"https:\/\/new.findnews5.com\/?p=22611"},"modified":"2025-03-15T10:25:38","modified_gmt":"2025-03-15T10:25:38","slug":"egli-reagon-ashper-ia-le-fajet-gjestit","status":"publish","type":"post","link":"https:\/\/new.findnews5.com\/?p=22611","title":{"rendered":"Egli reagon ashp\u00ebr, ia l\u00eb fajet Gjestit!"},"content":{"rendered":"<div class=\"78954ae5fa42b68c1393fe3da4998882\" data-index=\"1\" style=\"float: none; margin:0px 0 0px 0; text-align:center;\">\n<div data-type=\"_mgwidget\" data-widget-id=\"1576712\">\r\n<\/div>\r\n<script>(function(w,q){w[q]=w[q]||[];w[q].push([\"_mgc.load\"])})(window,\"_mgq\");\r\n<\/script>\r\n\n<\/div>\n<p>Egli Tako, ish-konkurrentja e \u201cBig Brother VIP Albania\u201d, ka reaguar p\u00ebr her\u00eb t\u00eb par\u00eb pas shqet\u00ebsimeve t\u00eb ndjek\u00ebsve lidhur me gjendjen e saj emocionale.<\/p>\n<p>P\u00ebrmes nj\u00eb postimi n\u00eb Instagram, ajo sqaroi se nuk ndodhet n\u00eb ndonj\u00eb spital psikiatrik dhe se \u00ebsht\u00eb e rrethuar nga njer\u00ebz q\u00eb e mb\u00ebshtesin.<\/p>\n<p>\u201cNdihem e trishtuar dhe e ngarkuar emocionalisht, por nuk ndodhem n\u00eb asnj\u00eb spital psikiatrik apo di\u00e7ka t\u00eb ngjashme. Kam njer\u00ebz pran\u00eb q\u00eb po investojn\u00eb gjith\u00e7ka kan\u00eb, q\u00eb un\u00eb ta rimarr veten\u201d, shkruan Egli, duke fal\u00ebnderuar ndjek\u00ebsit p\u00ebr mb\u00ebshtetjen e tyre.<\/p>\n<p>N\u00eb reagimin e saj, ajo flet p\u00ebr ndjesit\u00eb q\u00eb ka p\u00ebrjetuar dhe p\u00ebr raportin e saj me loj\u00ebn brenda sht\u00ebpis\u00eb s\u00eb \u201cBBVIP\u201d. Egli shprehet se e ka pasur t\u00eb v\u00ebshtir\u00eb t\u00eb distancohet emocionalisht, por po punon p\u00ebr ta menaxhuar m\u00eb mir\u00eb situat\u00ebn.<\/p>\n<p>Ajo gjithashtu i \u00ebsht\u00eb referuar deklaratave t\u00eb Gjestit, duke theksuar se disa sjellje i kan\u00eb kujtuar eksperienca t\u00eb s\u00eb kaluar\u00ebs. \u201cNuk dua t\u00eb jap m\u00eb shum\u00eb detaje, sepse dua q\u00eb t\u00eb flas p\u00ebr t\u00eb mirat dhe t\u00eb mbaj p\u00ebr vete t\u00eb k\u00ebqijat\u201d, shkruan ajo.<br \/>\nN\u00eb fund t\u00eb mesazhit t\u00eb saj, Egli shpreh mir\u00ebnjohjen p\u00ebr gjith\u00eb mb\u00ebshtetjen e marr\u00eb dhe thekson se po punon p\u00ebr t\u00eb gjetur forc\u00ebn brenda vetes p\u00ebr t\u00eb vazhduar p\u00ebrpara.<\/p>\n\n<div style=\"font-size: 0px; height: 0px; line-height: 0px; margin: 0; padding: 0; clear: both;\"><\/div>","protected":false},"excerpt":{"rendered":"<p>Egli Tako, ish-konkurrentja e \u201cBig Brother VIP Albania\u201d, ka reaguar p\u00ebr her\u00eb t\u00eb par\u00eb pas shqet\u00ebsimeve t\u00eb ndjek\u00ebsve lidhur me gjendjen e saj emocionale. P\u00ebrmes nj\u00eb postimi&#8230; <\/p>\n","protected":false},"author":1,"featured_media":22612,"comment_status":"open","ping_status":"open","sticky":false,"template":"","format":"standard","meta":{"footnotes":""},"categories":[6],"tags":[],"class_list":["post-22611","post","type-post","status-publish","format-standard","has-post-thumbnail","hentry","category-lajme"],"_links":{"self":[{"href":"https:\/\/new.findnews5.com\/index.php?rest_route=\/wp\/v2\/posts\/22611","targetHints":{"allow":["GET"]}}],"collection":[{"href":"https:\/\/new.findnews5.com\/index.php?rest_route=\/wp\/v2\/posts"}],"about":[{"href":"https:\/\/new.findnews5.com\/index.php?rest_route=\/wp\/v2\/types\/post"}],"author":[{"embeddable":true,"href":"https:\/\/new.findnews5.com\/index.php?rest_route=\/wp\/v2\/users\/1"}],"replies":[{"embeddable":true,"href":"https:\/\/new.findnews5.com\/index.php?rest_route=%2Fwp%2Fv2%2Fcomments&post=22611"}],"version-history":[{"count":0,"href":"https:\/\/new.findnews5.com\/index.php?rest_route=\/wp\/v2\/posts\/22611\/revisions"}],"wp:featuredmedia":[{"embeddable":true,"href":"https:\/\/new.findnews5.com\/index.php?rest_route=\/wp\/v2\/media\/22612"}],"wp:attachment":[{"href":"https:\/\/new.findnews5.com\/index.php?rest_route=%2Fwp%2Fv2%2Fmedia&parent=22611"}],"wp:term":[{"taxonomy":"category","embeddable":true,"href":"https:\/\/new.findnews5.com\/index.php?rest_route=%2Fwp%2Fv2%2Fcategories&post=22611"},{"taxonomy":"post_tag","embeddable":true,"href":"https:\/\/new.findnews5.com\/index.php?rest_route=%2Fwp%2Fv2%2Ftags&post=22611"}],"curies":[{"name":"wp","href":"https:\/\/api.w.org\/{rel}","templated":true}]}}