{"id":22608,"date":"2025-03-15T10:23:52","date_gmt":"2025-03-15T10:23:52","guid":{"rendered":"https:\/\/new.findnews5.com\/?p=22608"},"modified":"2025-03-15T10:23:57","modified_gmt":"2025-03-15T10:23:57","slug":"azdren-shala-per-thacin-me-i-madhi-ne-historine-e-ballkanit-me-gjeni-nje-tjeter-si-ai","status":"publish","type":"post","link":"https:\/\/new.findnews5.com\/?p=22608","title":{"rendered":"Azdren Shala p\u00ebr Tha\u00e7in: \u201cM\u00eb i madhi n\u00eb historin\u00eb e Ballkanit \u2013 m\u00eb gjeni nj\u00eb tjet\u00ebr si ai\u201d"},"content":{"rendered":"<div class=\"78954ae5fa42b68c1393fe3da4998882\" data-index=\"1\" style=\"float: none; margin:0px 0 0px 0; text-align:center;\">\n<div data-type=\"_mgwidget\" data-widget-id=\"1576712\">\r\n<\/div>\r\n<script>(function(w,q){w[q]=w[q]||[];w[q].push([\"_mgc.load\"])})(window,\"_mgq\");\r\n<\/script>\r\n\n<\/div>\n<p>Deklarata e plot\u00eb e Azdren Shal\u00ebs:<\/p>\n<p>Sot e pash\u00eb nj\u00eb burr\u00eb mbi supet e t\u00eb cilit po peshon nj\u00eb nga padrejt\u00ebsit\u00eb m\u00eb t\u00eb m\u00ebdha historike. Pra, nj\u00eb politikan ose politikani m\u00eb i suksessh\u00ebm n\u00eb historin\u00eb e krejt Ballkanit p\u00ebr shekullin XX.<\/p>\n<p>Un\u00eb q\u00ebllimisht sot hyra p\u00ebr t\u00eb par\u00eb historin\u00eb e Ballkanit. Asnj\u00eb politikan nga viti 1900 deri m\u00eb sot nuk i ka arritur ato suksese t\u00eb m\u00ebdha q\u00eb i ka arritur Hashim Tha\u00e7i. Edhe nj\u00eb politikan i till\u00eb, me p\u00ebrmasa ballkanike, m\u00eb i madhi n\u00eb historin\u00eb e Ballkanit, t\u00eb trajtohet si krimineli m\u00eb ordiner i Ballkanit \u2013 kjo \u00ebsht\u00eb padrejt\u00ebsia m\u00eb e madhe se vet\u00eb akuza q\u00eb i b\u00ebhet Hashim Tha\u00e7it. Kjo, p\u00ebrndryshe, \u00ebsht\u00eb nj\u00eb aktakuz\u00eb e nd\u00ebrtuar mbi shpifje, mbi nj\u00eb raport q\u00eb n\u00eb fund ka r\u00ebn\u00eb krejt posht\u00eb. Megjithat\u00eb, aktakuza vazhdon!<\/p>\n<p>Kjo \u00ebsht\u00eb dashur t\u00eb jet\u00eb alarm p\u00ebr shqiptar\u00ebt, sidomos p\u00ebr qeverin\u00eb q\u00eb na udh\u00ebheq. Nj\u00eb aktakuz\u00eb e Dick Martit, e cila u ngrit at\u00eb koh\u00eb, dhe p\u00ebr t\u00eb cil\u00ebn kemi pasur shqiptar\u00eb q\u00eb jan\u00eb g\u00ebzuar. Eksponent\u00eb t\u00eb pushtetit, ish-k\u00ebshilltar\u00eb t\u00eb kryeministrit, q\u00eb thoshin se Dick Marti \u00ebsht\u00eb \u201cHero i Kosov\u00ebs\u201d. Sot vazhdon e nj\u00ebjta retorik\u00eb, pavar\u00ebsisht se aktakuza ka r\u00ebn\u00eb.<\/p>\n<p>I pash\u00eb disa reagime n\u00eb Facebook nga militant\u00eb t\u00eb L\u00ebvizjes Vet\u00ebvendosje. Pra, akuza ka r\u00ebn\u00eb, por ka mbetur narracioni. Tash kemi nj\u00eb aktakuz\u00eb krejt absurde, t\u00eb nd\u00ebrtuar mbi baz\u00ebn e shpifjeve. Tha\u00e7i vazhdon t\u00eb mbahet atje padrejt\u00ebsisht.<\/p>\n<p>Shpresoj q\u00eb n\u00eb fund t\u00eb triumfoj\u00eb drejt\u00ebsia. Hashim Tha\u00e7i ka kaluar shum\u00eb beteja. \u00cbsht\u00eb njeriu i \u00e7lirimit, i pavar\u00ebsis\u00eb, \u00ebsht\u00eb njeriu i integrimeve. Gjat\u00eb koh\u00ebs sa ka qen\u00eb kryeminist\u00ebr, ne i kemi pasur njohjet kryesore, apo t\u00eb vetmet njohje t\u00eb r\u00ebnd\u00ebsishme p\u00ebr Kosov\u00ebn.<\/p>\n<p>Jam i bindur se n\u00eb fund do t\u2019ia dal\u00eb k\u00ebsaj beteje dhe do t\u00eb kthehet n\u00eb Kosov\u00eb si triumfuesi m\u00eb i madh n\u00eb historin\u00eb e Ballkanit. Un\u00eb insistoj se \u00ebsht\u00eb politikani m\u00eb i madh i krejt Ballkanit p\u00ebr shekullin XX. M\u00eb gjeni nj\u00eb tjet\u00ebr q\u00eb mund t\u00eb krahasohet me t\u00eb, qoft\u00eb edhe sa gjysma e Hashim Tha\u00e7it!<\/p>\n\n<div style=\"font-size: 0px; height: 0px; line-height: 0px; margin: 0; padding: 0; clear: both;\"><\/div>","protected":false},"excerpt":{"rendered":"<p>Deklarata e plot\u00eb e Azdren Shal\u00ebs: Sot e pash\u00eb nj\u00eb burr\u00eb mbi supet e t\u00eb cilit po peshon nj\u00eb nga padrejt\u00ebsit\u00eb m\u00eb t\u00eb m\u00ebdha historike. Pra, nj\u00eb&#8230; <\/p>\n","protected":false},"author":1,"featured_media":22609,"comment_status":"open","ping_status":"open","sticky":false,"template":"","format":"standard","meta":{"footnotes":""},"categories":[6],"tags":[],"class_list":["post-22608","post","type-post","status-publish","format-standard","has-post-thumbnail","hentry","category-lajme"],"_links":{"self":[{"href":"https:\/\/new.findnews5.com\/index.php?rest_route=\/wp\/v2\/posts\/22608","targetHints":{"allow":["GET"]}}],"collection":[{"href":"https:\/\/new.findnews5.com\/index.php?rest_route=\/wp\/v2\/posts"}],"about":[{"href":"https:\/\/new.findnews5.com\/index.php?rest_route=\/wp\/v2\/types\/post"}],"author":[{"embeddable":true,"href":"https:\/\/new.findnews5.com\/index.php?rest_route=\/wp\/v2\/users\/1"}],"replies":[{"embeddable":true,"href":"https:\/\/new.findnews5.com\/index.php?rest_route=%2Fwp%2Fv2%2Fcomments&post=22608"}],"version-history":[{"count":0,"href":"https:\/\/new.findnews5.com\/index.php?rest_route=\/wp\/v2\/posts\/22608\/revisions"}],"wp:featuredmedia":[{"embeddable":true,"href":"https:\/\/new.findnews5.com\/index.php?rest_route=\/wp\/v2\/media\/22609"}],"wp:attachment":[{"href":"https:\/\/new.findnews5.com\/index.php?rest_route=%2Fwp%2Fv2%2Fmedia&parent=22608"}],"wp:term":[{"taxonomy":"category","embeddable":true,"href":"https:\/\/new.findnews5.com\/index.php?rest_route=%2Fwp%2Fv2%2Fcategories&post=22608"},{"taxonomy":"post_tag","embeddable":true,"href":"https:\/\/new.findnews5.com\/index.php?rest_route=%2Fwp%2Fv2%2Ftags&post=22608"}],"curies":[{"name":"wp","href":"https:\/\/api.w.org\/{rel}","templated":true}]}}