{"id":22604,"date":"2025-03-15T10:20:16","date_gmt":"2025-03-15T10:20:16","guid":{"rendered":"https:\/\/new.findnews5.com\/?p=22604"},"modified":"2025-03-15T10:20:20","modified_gmt":"2025-03-15T10:20:20","slug":"europa-pergatitet-per-lufte-rekord-porosish-per-arme-tek-kompania-gjermane-rheinmetall","status":"publish","type":"post","link":"https:\/\/new.findnews5.com\/?p=22604","title":{"rendered":"Europa p\u00ebrgatitet p\u00ebr luft\u00eb? Rekord porosish p\u00ebr arm\u00eb tek kompania gjermane Rheinmetall"},"content":{"rendered":"<div class=\"78954ae5fa42b68c1393fe3da4998882\" data-index=\"1\" style=\"float: none; margin:0px 0 0px 0; text-align:center;\">\n<div data-type=\"_mgwidget\" data-widget-id=\"1576712\">\r\n<\/div>\r\n<script>(function(w,q){w[q]=w[q]||[];w[q].push([\"_mgc.load\"])})(window,\"_mgq\");\r\n<\/script>\r\n\n<\/div>\n<p>N\u00eb mbledhjen vjetore t\u00eb koncernit Rheinmetall, drejtori tha se \u201cn\u00eb 35 vitet e tij nuk e ka p\u00ebrjetuar m\u00eb par\u00eb nj\u00eb k\u00ebrkes\u00eb kaq t\u00eb madhe\u201d. Porosit\u00eb po vijn\u00eb nga t\u00eb gjitha an\u00ebt!<\/p>\n<p>N\u00eb prezantimin vjetor t\u00eb rezultateve t\u00eb Grupit Rheinmetall n\u00eb selin\u00eb e tij n\u00eb D\u00fcsseldorf, drejtori Armin Papperger pranoi se \u201cai kurr\u00eb nuk e ka p\u00ebrjetuar di\u00e7ka t\u00eb till\u00eb n\u00eb 35 vitet e tij sa punon n\u00eb Rheinmetall\u201d.<\/p>\n<p>Vet\u00ebm gjat\u00eb Konferenc\u00ebs s\u00eb Siguris\u00eb s\u00eb Mynihut, disa jav\u00eb m\u00eb par\u00eb, rreth pes\u00ebdhjet\u00eb krer\u00eb shtetesh ose qeverish ose ministrat e tyre p\u00ebrkat\u00ebs kan\u00eb k\u00ebrkuar takim me nj\u00eb nga prodhuesit m\u00eb t\u00eb m\u00ebdhenj t\u00eb arm\u00ebve n\u00eb Gjermani. Selia e kompanis\u00eb n\u00eb Dyseldorf aktualisht ka k\u00ebrkesa dhe porosi me vler\u00eb 55 miliard\u00eb euro. Kjo \u00ebsht\u00eb 17 miliard\u00eb m\u00eb shum\u00eb se rekordi i vitit t\u00eb kaluar \u2013 \u00ebsht\u00eb m\u00eb shum\u00eb se kurr\u00eb m\u00eb par\u00eb.<\/p>\n<p>Gjith\u00e7ka q\u00eb k\u00ebrkohen p\u00ebr ushtrin\u00eb po porositet: nga municionet, te mjetet e blinduara e deri tek tanket. Rheinmetall bashk\u00ebpunon edhe me KNDSDeutschland me baz\u00eb n\u00eb Mynih. Kompanis\u00eb po i k\u00ebrkohen edhe tanke Leopard, raketa, radar\u00eb dhe sisteme t\u00eb mbrojtjes ajrore, dron\u00eb, teknologji digjitale ushtarake\u2026<\/p>\n<p>Evropa u detyrua t\u00eb jet\u00eb m\u00eb e pavarur<\/p>\n<p>K\u00ebrkohet gjith\u00e7ka: \u201cShtetet e Bashkuara, k\u00ebt\u00eb e them pa asnj\u00eb akuz\u00eb, do ta detyrojn\u00eb Europ\u00ebn t\u00eb investoj\u00eb m\u00eb shum\u00eb p\u00ebr sigurin\u00eb e saj\u201d. \u201c\u00cbsht\u00eb nj\u00eb ndryshim i madh, por mendoj se \u00ebsht\u00eb nj\u00eb shenj\u00eb e mir\u00eb p\u00ebr industrin\u00eb n\u00eb Europ\u00eb, sepse ndoshta mund t\u00eb b\u00ebhet m\u00eb e pavarur. E meq\u00eb ra fjala, kjo \u00ebsht\u00eb e r\u00ebnd\u00ebsishme dhe p\u00ebr politik\u00ebn\u201d, mendon Papperger.<\/p>\n<p>N\u00eb Europ\u00eb ka nisur nj\u00eb epok\u00eb armatimi, p\u00ebrmbledh kreu i Rheinmetall. Kompania e tij po p\u00ebrfiton prej saj si pak kompani t\u00eb tjera gjermane: t\u00eb ardhurat dhe fitimet jan\u00eb rritur me rreth 35 p\u00ebr qind.<\/p>\n<p>Rritja duhet t\u00eb jet\u00eb n\u00eb at\u00eb shkall\u00eb edhe k\u00ebt\u00eb vit. Papperger \u00ebsht\u00eb i bindur se ky \u00ebsht\u00eb \u201cvet\u00ebm fillimi\u201d. Sipas vler\u00ebsimit t\u00eb prodhuesit gjerman t\u00eb arm\u00ebve, n\u00ebse an\u00ebtar\u00ebt e NATO-s do t\u00eb fillonin me t\u00eb v\u00ebrtet\u00eb t\u00eb shpenzonin 2.5 deri n\u00eb 3.5 p\u00ebr qind t\u00eb PBB-s\u00eb s\u00eb tyre p\u00ebr mbrojtjen, ky do t\u00eb ishte \u201cnj\u00eb potencial p\u00ebr qarkullim midis 300 dhe 400 miliard\u00eb euro deri n\u00eb vitin 2030\u201d, tha ai.<\/p>\n<p>Deri m\u00eb tani, rreth nj\u00eb e treta e prodhimit t\u00eb Rheinmetall i ka shkuar ushtris\u00eb gjermane, por Bundeswehr-i d\u00ebshiron shum\u00eb m\u00eb tep\u00ebr arm\u00eb dhe pajisje, ashtu si\u00e7 po b\u00ebjn\u00eb edhe vendet e tjera. Rheinmetall tashm\u00eb po nd\u00ebrton fabrika t\u00eb reja n\u00eb t\u00eb gjith\u00eb Europ\u00ebn. Atyre u p\u00ebrshtatet madje q\u00eb industria e automobilave \u00ebsht\u00eb n\u00eb telashe. Kjo kompani \u00ebsht\u00eb duke b\u00ebr\u00eb plane p\u00ebr p\u00ebrdorimin e 22 kompanive q\u00eb dikur prodhonin pjes\u00eb p\u00ebr industrin\u00eb e automobilave, por q\u00eb tani po anulojn\u00eb bashk\u00ebpunimin. Konkretisht b\u00ebhet fjal\u00eb p\u00ebr nj\u00eb kompani pran\u00eb Berlinit me 350 punonj\u00ebs, por edhe nj\u00eb n\u00eb Neuss af\u00ebr Dyseldorfit, ku jan\u00eb t\u00eb pun\u00ebsuar 1500 persona.<\/p>\n<p>Pun\u00eb e sigurt, t\u00eb ardhura t\u00eb sigurta<\/p>\n<p>Sektori i industris\u00eb ushtarake po k\u00ebrkon urgjentisht staf t\u00eb ri p\u00ebr nj\u00eb rritje kaq t\u00eb madhe t\u00eb biznesit. Rheinmetall pun\u00ebson aktualisht 32,000 njer\u00ebz, por numri i bashk\u00ebpun\u00ebtor\u00ebve po rritet \u00e7do dit\u00eb. Prandaj ata jan\u00eb t\u00eb lumtur q\u00eb ndoshta mund t\u00eb angazhojn\u00eb pun\u00ebtor\u00ebt e metaleve nga industria e automobilave.<\/p>\n<p>\u201cNe jemi kthyer n\u00eb nj\u00eb baz\u00eb pun\u00ebsimi,\u201d thot\u00eb Papperger. N\u00eb t\u00eb nj\u00ebjt\u00ebn koh\u00eb, nj\u00eb num\u00ebr i caktuar i punonj\u00ebsve do t\u00eb dal\u00eb n\u00eb pension. Kjo do t\u00eb thot\u00eb se kompania do t\u00eb pun\u00ebsoj\u00eb rreth 8,000 pun\u00ebtor\u00eb n\u00eb vit. Paperger beson se n\u00eb dy vjet Rheinmetall do t\u00eb ket\u00eb rreth 40,000 punonj\u00ebs. P\u00ebrve\u00e7 k\u00ebsaj, do t\u00eb ket\u00eb rreth 120,000 punonj\u00ebs n\u00eb rreth nj\u00eb mij\u00eb kompani furnizuese n\u00eb Gjermani.<\/p>\n<p>Fabrikat m\u00eb t\u00eb m\u00ebdha t\u00eb Rheinmetall jan\u00eb n\u00eb Unterlis n\u00eb Saksonin\u00eb e Poshtme, midis Hanoverit dhe Hamburgut. Por ato gjithashtu kan\u00eb fabrika n\u00eb Kassel, Kiel, Bremen dhe Mynih. P\u00ebrve\u00e7 vendeve t\u00eb sigurta t\u00eb pun\u00ebs p\u00ebr punonj\u00ebsit, edhe aksionet n\u00eb industrin\u00eb e arm\u00ebve jan\u00eb b\u00ebr\u00eb gjithashtu t\u00eb ardhura t\u00eb sigurta p\u00ebr investitor\u00ebt: q\u00eb nga sulmi i Rusis\u00eb ndaj Ukrain\u00ebs, vlera e Rheinmetall si prodhues arm\u00ebsh \u00ebsht\u00eb dhjet\u00ebfishuar.<\/p>\n<p>\u201cZhvillimi i vler\u00ebs s\u00eb aksioneve tona mund t\u00eb quhet fenomenal,\u201d thot\u00eb Paperger. \u201cNe kemi par\u00eb nj\u00eb rritje t\u00eb vler\u00ebs prej mbi 2.000 p\u00ebr qind n\u00eb dhjet\u00eb vitet e fundit, k\u00ebshtu q\u00eb ne jemi ngjitur me t\u00eb v\u00ebrtet\u00eb n\u00eb Olimpin e kompanive t\u00eb m\u00ebdha. Pak kompani kan\u00eb regjistruar ndonj\u00ebher\u00eb nj\u00eb norm\u00eb t\u00eb till\u00eb rritjeje\u201d, thot\u00eb ai.<\/p>\n<p>Drejtori i Rheinmetall, 62-vje\u00e7ari Armin Papperger \u00ebsht\u00eb n\u00eb mbrojtje t\u00eb vazhdueshme nga policia, pasi kompania e tij \u00ebsht\u00eb nj\u00eb nga furnizuesit m\u00eb t\u00eb r\u00ebnd\u00ebsish\u00ebm t\u00eb arm\u00ebve n\u00eb Ukrain\u00eb. Thuhet se n\u00eb Mosk\u00eb ka pasur plane p\u00ebr vrasjen e tij.\/ ag\/dw<\/p>\n\n<div style=\"font-size: 0px; height: 0px; line-height: 0px; margin: 0; padding: 0; clear: both;\"><\/div>","protected":false},"excerpt":{"rendered":"<p>N\u00eb mbledhjen vjetore t\u00eb koncernit Rheinmetall, drejtori tha se \u201cn\u00eb 35 vitet e tij nuk e ka p\u00ebrjetuar m\u00eb par\u00eb nj\u00eb k\u00ebrkes\u00eb kaq t\u00eb madhe\u201d. Porosit\u00eb po&#8230; <\/p>\n","protected":false},"author":1,"featured_media":22605,"comment_status":"open","ping_status":"open","sticky":false,"template":"","format":"standard","meta":{"footnotes":""},"categories":[6],"tags":[],"class_list":["post-22604","post","type-post","status-publish","format-standard","has-post-thumbnail","hentry","category-lajme"],"_links":{"self":[{"href":"https:\/\/new.findnews5.com\/index.php?rest_route=\/wp\/v2\/posts\/22604","targetHints":{"allow":["GET"]}}],"collection":[{"href":"https:\/\/new.findnews5.com\/index.php?rest_route=\/wp\/v2\/posts"}],"about":[{"href":"https:\/\/new.findnews5.com\/index.php?rest_route=\/wp\/v2\/types\/post"}],"author":[{"embeddable":true,"href":"https:\/\/new.findnews5.com\/index.php?rest_route=\/wp\/v2\/users\/1"}],"replies":[{"embeddable":true,"href":"https:\/\/new.findnews5.com\/index.php?rest_route=%2Fwp%2Fv2%2Fcomments&post=22604"}],"version-history":[{"count":0,"href":"https:\/\/new.findnews5.com\/index.php?rest_route=\/wp\/v2\/posts\/22604\/revisions"}],"wp:featuredmedia":[{"embeddable":true,"href":"https:\/\/new.findnews5.com\/index.php?rest_route=\/wp\/v2\/media\/22605"}],"wp:attachment":[{"href":"https:\/\/new.findnews5.com\/index.php?rest_route=%2Fwp%2Fv2%2Fmedia&parent=22604"}],"wp:term":[{"taxonomy":"category","embeddable":true,"href":"https:\/\/new.findnews5.com\/index.php?rest_route=%2Fwp%2Fv2%2Fcategories&post=22604"},{"taxonomy":"post_tag","embeddable":true,"href":"https:\/\/new.findnews5.com\/index.php?rest_route=%2Fwp%2Fv2%2Ftags&post=22604"}],"curies":[{"name":"wp","href":"https:\/\/api.w.org\/{rel}","templated":true}]}}