{"id":22592,"date":"2025-03-12T21:36:40","date_gmt":"2025-03-12T21:36:40","guid":{"rendered":"https:\/\/new.findnews5.com\/?p=22592"},"modified":"2025-03-12T21:36:44","modified_gmt":"2025-03-12T21:36:44","slug":"tensionohet-situata-ne-big-gerta-kap-per-floke-valbonen","status":"publish","type":"post","link":"https:\/\/new.findnews5.com\/?p=22592","title":{"rendered":"Tensionohet situata n\u00eb Big, Gerta kap p\u00ebr flok\u00eb Valbon\u00ebn"},"content":{"rendered":"<div class=\"78954ae5fa42b68c1393fe3da4998882\" data-index=\"1\" style=\"float: none; margin:0px 0 0px 0; text-align:center;\">\n<div data-type=\"_mgwidget\" data-widget-id=\"1576712\">\r\n<\/div>\r\n<script>(function(w,q){w[q]=w[q]||[];w[q].push([\"_mgc.load\"])})(window,\"_mgq\");\r\n<\/script>\r\n\n<\/div>\n\n<p><strong>Nj\u00eb ngjarje e pazakont\u00eb ka ndodhur sot n\u00eb sht\u00ebpin\u00eb e Big Brother VIP Albania.<\/strong><\/p>\n\n\n\n<p>Gerta dhe Valbona nuk kan\u00eb arritur ta zgjidhin konfliktin mes tyre, por p\u00ebrkundrazi, situata ka shp\u00ebrthyer n\u00eb tensione edhe m\u00eb t\u00eb m\u00ebdha.<\/p>\n\n\n\n<p>Pasi Gerta u caktua si liderja e k\u00ebsaj jave dhe nisi t\u00eb ndante detyrat e sht\u00ebpis\u00eb, disa banor\u00eb kan\u00eb kund\u00ebrshtuar shp\u00ebrndarjen e tyre.<\/p>\n\n\n\n<p>Por, papritmas, Valbona iu afrua Gert\u00ebs dhe e p\u00ebrqafoi, nd\u00ebrsa Gerta e kap\u00ebrci p\u00ebr flok\u00eb.<\/p>\n\n\n\n<p>Situata ka eskaluar kur ato kan\u00eb filluar ta prekun nj\u00ebra-tjetr\u00ebn me duar.<\/p>\n\n\n\n<figure class=\"wp-block-embed is-type-rich is-provider-twitter wp-block-embed-twitter\"><div class=\"wp-block-embed__wrapper\">\nhttps:\/\/twitter.com\/i\/status\/1899815838435201423\n<\/div><\/figure>\n\n<div style=\"font-size: 0px; height: 0px; line-height: 0px; margin: 0; padding: 0; clear: both;\"><\/div>","protected":false},"excerpt":{"rendered":"<p>Nj\u00eb ngjarje e pazakont\u00eb ka ndodhur sot n\u00eb sht\u00ebpin\u00eb e Big Brother VIP Albania. Gerta dhe Valbona nuk kan\u00eb arritur ta zgjidhin konfliktin mes tyre, por p\u00ebrkundrazi,&#8230; <\/p>\n","protected":false},"author":1,"featured_media":22593,"comment_status":"open","ping_status":"open","sticky":false,"template":"","format":"standard","meta":{"footnotes":""},"categories":[6],"tags":[],"class_list":["post-22592","post","type-post","status-publish","format-standard","has-post-thumbnail","hentry","category-lajme"],"_links":{"self":[{"href":"https:\/\/new.findnews5.com\/index.php?rest_route=\/wp\/v2\/posts\/22592","targetHints":{"allow":["GET"]}}],"collection":[{"href":"https:\/\/new.findnews5.com\/index.php?rest_route=\/wp\/v2\/posts"}],"about":[{"href":"https:\/\/new.findnews5.com\/index.php?rest_route=\/wp\/v2\/types\/post"}],"author":[{"embeddable":true,"href":"https:\/\/new.findnews5.com\/index.php?rest_route=\/wp\/v2\/users\/1"}],"replies":[{"embeddable":true,"href":"https:\/\/new.findnews5.com\/index.php?rest_route=%2Fwp%2Fv2%2Fcomments&post=22592"}],"version-history":[{"count":0,"href":"https:\/\/new.findnews5.com\/index.php?rest_route=\/wp\/v2\/posts\/22592\/revisions"}],"wp:featuredmedia":[{"embeddable":true,"href":"https:\/\/new.findnews5.com\/index.php?rest_route=\/wp\/v2\/media\/22593"}],"wp:attachment":[{"href":"https:\/\/new.findnews5.com\/index.php?rest_route=%2Fwp%2Fv2%2Fmedia&parent=22592"}],"wp:term":[{"taxonomy":"category","embeddable":true,"href":"https:\/\/new.findnews5.com\/index.php?rest_route=%2Fwp%2Fv2%2Fcategories&post=22592"},{"taxonomy":"post_tag","embeddable":true,"href":"https:\/\/new.findnews5.com\/index.php?rest_route=%2Fwp%2Fv2%2Ftags&post=22592"}],"curies":[{"name":"wp","href":"https:\/\/api.w.org\/{rel}","templated":true}]}}