{"id":22589,"date":"2025-03-12T21:31:17","date_gmt":"2025-03-12T21:31:17","guid":{"rendered":"https:\/\/new.findnews5.com\/?p=22589"},"modified":"2025-03-12T21:31:25","modified_gmt":"2025-03-12T21:31:25","slug":"trump-thike-pas-shpine-kosoves-zbardhen-diskutimet-mes-donald-trump-jr-dhe-vucic","status":"publish","type":"post","link":"https:\/\/new.findnews5.com\/?p=22589","title":{"rendered":"Trump thik\u00eb pas shpine Kosov\u00ebs? Zbardhen diskutimet mes Donald Trump Jr dhe Vu\u00e7i\u00e7"},"content":{"rendered":"<div class=\"78954ae5fa42b68c1393fe3da4998882\" data-index=\"1\" style=\"float: none; margin:0px 0 0px 0; text-align:center;\">\n<div data-type=\"_mgwidget\" data-widget-id=\"1576712\">\r\n<\/div>\r\n<script>(function(w,q){w[q]=w[q]||[];w[q].push([\"_mgc.load\"])})(window,\"_mgq\");\r\n<\/script>\r\n\n<\/div>\n\n<p>Presidenti i Serbis\u00eb, Aleksandar Vu\u00e7i\u00e7, ka th\u00ebn\u00eb t\u00eb mart\u00ebn se ka zhvilluar nj\u00eb bised\u00eb t\u00eb p\u00ebrzem\u00ebrt me Donald Trump Jr. djalin e presidentit amerikan, Donald Trump, lidhur me marr\u00ebdh\u00ebniet dypal\u00ebshe midis Serbis\u00eb dhe Shteteve t\u00eb Bashkuara, dhe p\u00ebr temat aktuale me r\u00ebnd\u00ebsi politike dhe ekonomike n\u00eb bot\u00eb.<\/p>\n\n\n\n<p>\u201cTheksova r\u00ebnd\u00ebsin\u00eb e marr\u00ebdh\u00ebnieve ekonomike dhe politike nd\u00ebrmjet Serbis\u00eb dhe Shteteve t\u00eb Bashkuara dhe theksova r\u00ebnd\u00ebsin\u00eb e bashk\u00ebpunimit strategjik mes dy vendeve dhe projekteve t\u00eb p\u00ebrbashk\u00ebta n\u00eb vitet e ardhshme. Ky takim simbolizon angazhimin p\u00ebr forcimin e marr\u00ebdh\u00ebnieve dypal\u00ebshe dhe pun\u00ebn s\u00eb bashku p\u00ebr t\u00eb adresuar sfidat globale\u201d, ka th\u00ebn\u00eb Vu\u00e7iq p\u00ebrmes nj\u00eb postimi n\u00eb Facebook.<\/p>\n\n\n\n<p>Trump Jr. ka qen\u00eb n\u00eb Beograd n\u00eb shtator t\u00eb vitit 2024, kur ka diskutuar me nj\u00eb grup biznesmen\u00ebsh nga Serbia p\u00ebr investimet potenciale.<\/p>\n\n\n\n<p>Dh\u00ebndri i Trumpit, Jared Kushner, ve\u00e7se ka nisur t\u00eb b\u00ebj\u00eb biznes n\u00eb Beograd.<\/p>\n\n\n\n<p>Me kompanin\u00eb e tij \u00ebsht\u00eb n\u00ebnshkruar nj\u00eb kontrat\u00eb n\u00eb maj t\u00eb vitit 2024 p\u00ebr t\u00eb nd\u00ebrtuar nj\u00eb kompleks biznesor dhe rezidencial t\u00eb nj\u00eb ish-shefi t\u00eb Shtabit t\u00eb P\u00ebrgjithsh\u00ebm, pjes\u00eb t\u00eb t\u00eb cilit jan\u00eb shkat\u00ebrruar si pasoj\u00eb e intervenimit t\u00eb NATO-s m\u00eb 1999.<\/p>\n\n\n\n<p>P\u00ebrpara takimit, Vu\u00e7i\u00e7 u ka b\u00ebr\u00eb thirrje t\u00eb gjitha aktor\u00ebve politik\u00eb n\u00eb Serbi q\u00eb t\u00eb shmangin dhun\u00ebn.<\/p>\n\n\n\n<p>\u201cT\u00eb mos sillen n\u00eb m\u00ebnyr\u00eb jokushtetuese, t\u00eb mos pengojn\u00eb l\u00ebvizjen e njer\u00ebzve tjer\u00eb, q\u00eb t\u00eb mos krijojn\u00eb kriza pengjesh duke ia parandaluar dikujt pun\u00ebn dhe jetes\u00ebn, q\u00eb t\u00eb mos sulmojn\u00eb policin\u00eb, si\u00e7 e kan\u00eb sulmuar para nd\u00ebrtes\u00ebs s\u00eb Radiotelevizionit t\u00eb Serbis\u00eb nj\u00eb nat\u00eb m\u00eb par\u00eb, t\u00eb cil\u00ebt nuk e kan\u00eb prekur ask\u00ebnd, dhe q\u00eb t\u00eb sillen n\u00eb m\u00ebnyr\u00eb t\u00eb civilizuar, n\u00eb p\u00ebrputhje me ligjet e k\u00ebtij shteti\u201d, ka th\u00ebn\u00eb Vu\u00e7i\u00e7.<\/p>\n\n\n\n<p>N\u00eb mbr\u00ebmjen e s\u00eb h\u00ebn\u00ebs, student\u00ebt kan\u00eb bllokuar hyrjen e nd\u00ebrtes\u00ebs s\u00eb RTS-s\u00eb n\u00eb Beograd.<\/p>\n\n\n\n<p>P\u00ebr pasoj\u00eb ka pasur p\u00ebrleshje mes forcave policore dhe protestuesve.<\/p>\n\n\n\n<p>Ministri i Brendsh\u00ebm i Serbis\u00eb, Ivica Da\u00e7i\u00e7 ka th\u00ebn\u00eb se policia nuk ka vepruar kund\u00ebr protestueseve, por q\u00eb ajo \u00ebsht\u00eb sulmuar, ndon\u00ebse n\u00eb pamjet n\u00eb rrjetet sociale shihet qart\u00eb se policia i ka sulmuar dhe rrahur student\u00ebt dhe qytetar\u00ebt tjer\u00eb.<\/p>\n\n\n\n<p>Nj\u00eb zyrtar policor \u00ebsht\u00eb plagosur, nd\u00ebrsa presidenti serb, Aleksandar Vu\u00e7i\u00e7 ka th\u00ebn\u00eb se plaga e tij e r\u00ebnd\u00eb n\u00eb sy \u00ebsht\u00eb shkaktuar nga protestuesit, t\u00eb cil\u00ebt i ka quajtur \u201can\u00ebtar\u00eb t\u00eb pleniumit bolshevik\u201d.<\/p>\n\n\n\n<p>Megjithat\u00eb, pamjet n\u00eb rrjetet sociale tregojn\u00eb se zyrtari policor i plagosur ka qen\u00eb me veshje civile n\u00eb protesta dhe ka mund\u00ebsi t\u00eb jet\u00eb plagosur nga koleg\u00ebt e tij n\u00eb uniform\u00eb.<\/p>\n\n\n\n<p>P\u00ebrmes bllokadave dhe protestave, student\u00ebt po k\u00ebrkojn\u00eb q\u00eb autoritetet t\u00eb mbahen p\u00ebrgjegj\u00ebse p\u00ebr vdekjen e 15 personave, si pasoj\u00eb e rr\u00ebzimit t\u00eb nj\u00eb strehe betoni n\u00eb stacionin hekurudhor t\u00eb Novi Sadit, m\u00eb 1 n\u00ebntor t\u00eb vitit t\u00eb kaluar.<\/p>\n\n\n\n<p>Qeveria pretendon se i ka plot\u00ebsuar k\u00ebrkesat e student\u00ebve, derisa nj\u00eb grup ekspert\u00ebsh i formuar nga Senati i Universitetit t\u00eb Beogradit i ka mohuar k\u00ebto pretendime p\u00ebrmes nj\u00eb raporti.<\/p>\n\n\n\n<p>Student\u00eb prej shum\u00eb pjes\u00ebve t\u00eb Serbis\u00eb ve\u00e7se jan\u00eb nisur drejt Beogradit, n\u00eb nj\u00eb protest\u00eb t\u00eb re q\u00eb \u00ebsht\u00eb planifikuar p\u00ebr 15 mars. \/REL<\/p>\n\n<div style=\"font-size: 0px; height: 0px; line-height: 0px; margin: 0; padding: 0; clear: both;\"><\/div>","protected":false},"excerpt":{"rendered":"<p>Presidenti i Serbis\u00eb, Aleksandar Vu\u00e7i\u00e7, ka th\u00ebn\u00eb t\u00eb mart\u00ebn se ka zhvilluar nj\u00eb bised\u00eb t\u00eb p\u00ebrzem\u00ebrt me Donald Trump Jr. djalin e presidentit amerikan, Donald Trump, lidhur&#8230; <\/p>\n","protected":false},"author":1,"featured_media":22590,"comment_status":"open","ping_status":"open","sticky":false,"template":"","format":"standard","meta":{"footnotes":""},"categories":[6],"tags":[],"class_list":["post-22589","post","type-post","status-publish","format-standard","has-post-thumbnail","hentry","category-lajme"],"_links":{"self":[{"href":"https:\/\/new.findnews5.com\/index.php?rest_route=\/wp\/v2\/posts\/22589","targetHints":{"allow":["GET"]}}],"collection":[{"href":"https:\/\/new.findnews5.com\/index.php?rest_route=\/wp\/v2\/posts"}],"about":[{"href":"https:\/\/new.findnews5.com\/index.php?rest_route=\/wp\/v2\/types\/post"}],"author":[{"embeddable":true,"href":"https:\/\/new.findnews5.com\/index.php?rest_route=\/wp\/v2\/users\/1"}],"replies":[{"embeddable":true,"href":"https:\/\/new.findnews5.com\/index.php?rest_route=%2Fwp%2Fv2%2Fcomments&post=22589"}],"version-history":[{"count":0,"href":"https:\/\/new.findnews5.com\/index.php?rest_route=\/wp\/v2\/posts\/22589\/revisions"}],"wp:featuredmedia":[{"embeddable":true,"href":"https:\/\/new.findnews5.com\/index.php?rest_route=\/wp\/v2\/media\/22590"}],"wp:attachment":[{"href":"https:\/\/new.findnews5.com\/index.php?rest_route=%2Fwp%2Fv2%2Fmedia&parent=22589"}],"wp:term":[{"taxonomy":"category","embeddable":true,"href":"https:\/\/new.findnews5.com\/index.php?rest_route=%2Fwp%2Fv2%2Fcategories&post=22589"},{"taxonomy":"post_tag","embeddable":true,"href":"https:\/\/new.findnews5.com\/index.php?rest_route=%2Fwp%2Fv2%2Ftags&post=22589"}],"curies":[{"name":"wp","href":"https:\/\/api.w.org\/{rel}","templated":true}]}}