{"id":22573,"date":"2025-03-12T10:54:01","date_gmt":"2025-03-12T10:54:01","guid":{"rendered":"https:\/\/new.findnews5.com\/?p=22573"},"modified":"2025-03-12T10:54:06","modified_gmt":"2025-03-12T10:54:06","slug":"gjini-projektet-serbe-per-shkaterrimin-e-kosoves-i-ka-udhehequr-kurti","status":"publish","type":"post","link":"https:\/\/new.findnews5.com\/?p=22573","title":{"rendered":"Gjini: Projektet serbe p\u00ebr shkat\u00ebrrimin e Kosov\u00ebs, i ka udh\u00ebhequr Kurti"},"content":{"rendered":"<div class=\"78954ae5fa42b68c1393fe3da4998882\" data-index=\"1\" style=\"float: none; margin:0px 0 0px 0; text-align:center;\">\n<div data-type=\"_mgwidget\" data-widget-id=\"1576712\">\r\n<\/div>\r\n<script>(function(w,q){w[q]=w[q]||[];w[q].push([\"_mgc.load\"])})(window,\"_mgq\");\r\n<\/script>\r\n\n<\/div>\n\n<p><strong>N\u00ebnkryetari i AAK-s\u00eb, Ardian Gjini, ka kritikuar politikat e udh\u00ebhequra nga kryeministri Albin Kurti, duke i akuzuar ato p\u00ebr d\u00ebm t\u00eb q\u00ebllimsh\u00ebm t\u00eb Kosov\u00ebs.<\/strong><\/p>\n\n\n\n<p>Ai ka theksuar se Serbia ka prodhuar plane t\u00eb detajuara p\u00ebr t\u00eb shkat\u00ebrruar shtetin e Kosov\u00ebs dhe se Kurti me apo pa q\u00ebllim ka qen\u00eb udh\u00ebheq\u00ebsi i projekteve t\u00eb tilla.<\/p>\n\n\n\n<p>\u201cSerbia ka prodhuar elaborate t\u00eb shkruara, t\u00eb publikuara \u00e7ka duhet me b\u00eb p\u00ebr ta zhb\u00ebr\u00eb Kosov\u00ebn, me shk\u00ebrmoq. Cilat duhet me qen\u00eb hapat q\u00eb duhet me i nd\u00ebrmarr\u00eb. N\u00eb nj\u00eb, hapi i par\u00eb ka qen\u00eb Kosova duhet me u prish me per\u00ebndimin, posa\u00e7\u00ebrisht me Amerik\u00ebn. E keni t\u00eb shkruara, jan\u00eb elaborate t\u00eb shkruara. Pjes\u00eb e dyt\u00eb \u00ebsht\u00eb me i prish mes vete. Me mund disi me i \u00e7a. Me prish solidaritetin e njer\u00ebzve q\u00eb \u00ebsht\u00eb treguar gjat\u00eb viteve \u201990, pas viteve \u201990, p\u00ebrkund\u00ebr krejt plemeve, ka pas solidaritet mes njer\u00ebzve.<\/p>\n\n\n\n<p>E treta \u00ebsht\u00eb, duhet me provu \u00e7ka dush p\u00ebr t\u2019i degraduar ekonomikisht. Mos me pas shpres\u00eb p\u00ebr nj\u00eb zhvillim t\u00eb Kosov\u00ebs. Dhe e fundit, duhet me rrit\u00eb mosbesimin e popullit t\u00eb Kosov\u00ebs, n\u00eb projektin e pavar\u00ebsis\u00eb s\u00eb Kosov\u00ebs, duhet me lyp di\u00e7ka tjet\u00ebr. Duhet mos me dasht\u00eb k\u00ebt\u00eb q\u00eb e kan\u00eb b\u00ebr\u00eb vet\u00eb.<\/p>\n\n\n\n<p>N\u00ebse krejt k\u00ebto i shihni dhe e ndjekeni historin\u00eb politike t\u00eb Albin Kurtit. Ju keni me pa q\u00eb, n\u00eb anglisht thon\u00eb \u2018single-handedly\u2019, I ka udh\u00ebheq k\u00ebto projekte. K\u00ebto projekte jan\u00eb udh\u00ebheq prej nj\u00eb njeriu. Un\u00eb nuk besoj n\u00eb nj\u00ebqind koincidenca. Nuk besoj q\u00eb mundet me qen\u00eb n\u00eb nj\u00eb rrug\u00eb t\u00eb caktuar dhe nj\u00eb qind her\u00eb me i ndodh\u00eb koincidenca di\u00e7ka q\u00eb pahiri po i shkon p\u00ebrshtato dikujt tjet\u00ebr. Mundet me ndodhe nj\u00eb, dy ose tri, por jo \u00e7do veprim me qen\u00eb rast\u00ebsi. Krejt k\u00ebto me na pru n\u00eb k\u00ebt\u00eb situat\u00eb t\u00eb sotit. Situa e tanishme \u00ebsht\u00eb mos harroni jemi n\u00ebn sanksione, Serbia jo ve\u00e7 q\u00eb nuk \u00ebsht\u00eb i ka p\u00ebrmir\u00ebsuar marr\u00ebdh\u00ebniet me SHBA e me krejt\u201d, ka th\u00ebn\u00eb Gjini.<\/p>\n\n<div style=\"font-size: 0px; height: 0px; line-height: 0px; margin: 0; padding: 0; clear: both;\"><\/div>","protected":false},"excerpt":{"rendered":"<p>N\u00ebnkryetari i AAK-s\u00eb, Ardian Gjini, ka kritikuar politikat e udh\u00ebhequra nga kryeministri Albin Kurti, duke i akuzuar ato p\u00ebr d\u00ebm t\u00eb q\u00ebllimsh\u00ebm t\u00eb Kosov\u00ebs. Ai ka theksuar&#8230; <\/p>\n","protected":false},"author":1,"featured_media":0,"comment_status":"open","ping_status":"open","sticky":false,"template":"","format":"standard","meta":{"footnotes":""},"categories":[6],"tags":[],"class_list":["post-22573","post","type-post","status-publish","format-standard","hentry","category-lajme"],"_links":{"self":[{"href":"https:\/\/new.findnews5.com\/index.php?rest_route=\/wp\/v2\/posts\/22573","targetHints":{"allow":["GET"]}}],"collection":[{"href":"https:\/\/new.findnews5.com\/index.php?rest_route=\/wp\/v2\/posts"}],"about":[{"href":"https:\/\/new.findnews5.com\/index.php?rest_route=\/wp\/v2\/types\/post"}],"author":[{"embeddable":true,"href":"https:\/\/new.findnews5.com\/index.php?rest_route=\/wp\/v2\/users\/1"}],"replies":[{"embeddable":true,"href":"https:\/\/new.findnews5.com\/index.php?rest_route=%2Fwp%2Fv2%2Fcomments&post=22573"}],"version-history":[{"count":0,"href":"https:\/\/new.findnews5.com\/index.php?rest_route=\/wp\/v2\/posts\/22573\/revisions"}],"wp:attachment":[{"href":"https:\/\/new.findnews5.com\/index.php?rest_route=%2Fwp%2Fv2%2Fmedia&parent=22573"}],"wp:term":[{"taxonomy":"category","embeddable":true,"href":"https:\/\/new.findnews5.com\/index.php?rest_route=%2Fwp%2Fv2%2Fcategories&post=22573"},{"taxonomy":"post_tag","embeddable":true,"href":"https:\/\/new.findnews5.com\/index.php?rest_route=%2Fwp%2Fv2%2Ftags&post=22573"}],"curies":[{"name":"wp","href":"https:\/\/api.w.org\/{rel}","templated":true}]}}