{"id":22559,"date":"2025-03-11T14:33:26","date_gmt":"2025-03-11T14:33:26","guid":{"rendered":"https:\/\/new.findnews5.com\/?p=22559"},"modified":"2025-03-11T14:33:32","modified_gmt":"2025-03-11T14:33:32","slug":"egli-tako-reagon-pas-largimit-a-ka-ardhur-koha-per-te-folur","status":"publish","type":"post","link":"https:\/\/new.findnews5.com\/?p=22559","title":{"rendered":"Egli Tako reagon pas largimit: A ka ardhur koha p\u00ebr t\u00eb folur?"},"content":{"rendered":"<div class=\"78954ae5fa42b68c1393fe3da4998882\" data-index=\"1\" style=\"float: none; margin:0px 0 0px 0; text-align:center;\">\n<div data-type=\"_mgwidget\" data-widget-id=\"1576712\">\r\n<\/div>\r\n<script>(function(w,q){w[q]=w[q]||[];w[q].push([\"_mgc.load\"])})(window,\"_mgq\");\r\n<\/script>\r\n\n<\/div>\n<p>Ish banorja e \u2018Big Brother VIP Albania\u2019 Egli Tako ka reaguar p\u00ebr her\u00eb t\u00eb par\u00eb pas largimit t\u00eb saj, duke ndar\u00eb mendimet mbi situat\u00ebn e saj dhe t\u00eb Gjestit, nj\u00eb tjet\u00ebr ish-banori i spektaklit.<\/p>\n<p>Egli shprehu shqet\u00ebsimin e saj lidhur me ndjesit\u00eb dhe presionin emocional q\u00eb p\u00ebrjetoi gjat\u00eb q\u00ebndrimit t\u00eb saj n\u00eb sht\u00ebpin\u00eb e famshme. N\u00eb postimin e saj, ajo theksoi se \u201cMendohuni mir\u00eb para se t\u00eb b\u00ebni nj\u00eb grua t\u00eb qaj\u00eb, sepse Zoti num\u00ebron lot\u00ebt e saj.\u201d Kjo fraz\u00eb e saj iu duk ndjek\u00ebsve shum\u00eb e fuqishme, duke nxitur nj\u00eb reagim t\u00eb menj\u00ebhersh\u00ebm n\u00eb rrjetet sociale.<\/p>\n<p>Reagimi i Eglit, q\u00eb nd\u00ebrthur ndjenjat e hidh\u00ebrimit dhe reflektimit, \u00ebsht\u00eb par\u00eb si nj\u00eb kritik\u00eb e drejt\u00eb ndaj situatave q\u00eb ndodhin brenda k\u00ebtij formati televiziv, ku emocionet shpeshher\u00eb jan\u00eb t\u00eb p\u00ebrqendruara dhe t\u00eb thella. Pjes\u00ebmarr\u00ebsit q\u00eb ndjejn\u00eb se jan\u00eb n\u00ebn presion jan\u00eb shpesh subjekt i komenteve t\u00eb ashpra nga publiku.<\/p>\n<p>Pas reagimit t\u00eb saj, ndjek\u00ebsit shpreh\u00ebn mendime t\u00eb ndryshme, disa ishin mb\u00ebshtet\u00ebs t\u00eb saj, nd\u00ebrsa t\u00eb tjer\u00eb e kritikuan p\u00ebr veprimet e saj, duke cituar se \u201cnuk \u00ebsht\u00eb e leht\u00eb t\u00eb jesh n\u00eb qend\u00ebr t\u00eb v\u00ebmendjes dhe gjithmon\u00eb i n\u00ebnshtruar kritikave\u201d. K\u00ebto komente tregojn\u00eb se sa e v\u00ebshtir\u00eb \u00ebsht\u00eb t\u00eb jesh nj\u00eb figur\u00eb publike.<\/p>\n<p>Nj\u00eb pjes\u00eb e komenteve e p\u00ebrqendruan v\u00ebmendjen te m\u00ebnyra se si Eglit ndihmoi t\u00eb tjera gra dhe si ajo \u00ebsht\u00eb b\u00ebre nj\u00eb inspirim p\u00ebr ato q\u00eb p\u00ebrballen me situata t\u00eb ngjashme. \u201cEgl, je e fort\u00eb! E kuptoj qart\u00eb hidh\u00ebrimin t\u00ebnd!\u201d ishin disa nga fjal\u00ebt e mb\u00ebshtetjes q\u00eb ajo mori.<\/p>\n\n\n<p>Reagimi i mpreht\u00eb i saj u pa si nj\u00eb thirrje p\u00ebr nd\u00ebrgjegj\u00ebsim, duke e vendosur Eglin n\u00eb qend\u00ebr t\u00eb nj\u00eb debati m\u00eb t\u00eb gjer\u00eb mbi dinamikat e marr\u00ebdh\u00ebnieve n\u00eb formate televizive si \u2018Big Brother\u2019. \u00c7\u00ebshtjet e presionit psikologjik dhe reagimeve sociale shpesh jan\u00eb jasht\u00eb v\u00ebmendjes, por Egl Tako priti m\u00eb shum\u00eb se q\u00eb e priste me k\u00ebt\u00eb reagim.<\/p>\n\n\n\n<p>Nd\u00ebrsa Egl e p\u00ebrjetoi k\u00ebt\u00eb eksperienc\u00eb si nj\u00eb mund\u00ebsi p\u00ebr t\u00eb folur p\u00ebr vuajtjet e saj, kjo ngjarje u shnd\u00ebrrua n\u00eb nj\u00eb mund\u00ebsi p\u00ebr t\u00eb nxitur nj\u00eb dialog m\u00eb t\u00eb thell\u00eb mbi sh\u00ebndetin mendor dhe mb\u00ebshtetjen q\u00eb nevoja p\u00ebr t\u00eb ndihmuar ata q\u00eb ndjejn\u00eb presionin e publikut dhe shoq\u00ebris\u00eb.<\/p>\n\n\n\n<p>S\u00eb fundi, nd\u00ebrsa ajo shp\u00ebrndau mendimet e saj me ndjek\u00ebsit, diskursi p\u00ebr forc\u00ebn e grave dhe r\u00ebnd\u00ebsin\u00eb e mb\u00ebshtetjes emocionale u b\u00eb m\u00eb i duksh\u00ebm. Kjo situat\u00eb e nxori Eglin n\u00eb nj\u00eb drit\u00eb tjet\u00ebr, duke e ndihmuar at\u00eb t\u00eb shfaq\u00eb vokalin e saj dhe t\u00eb b\u00ebhet z\u00eb p\u00ebr ata q\u00eb ndihen t\u00eb vetmuar dhe t\u00eb paaft\u00eb p\u00ebr t\u00eb folur. E ardhmja e saj n\u00eb k\u00ebt\u00eb drejtim duket mjaft premtuese.<\/p>\n\n\n\n<figure class=\"wp-block-image\"><img decoding=\"async\" src=\"https:\/\/albeu.com\/wp-content\/uploads\/2025\/03\/IMG_7522.jpeg\" alt=\"\"\/><\/figure>\n\n<div style=\"font-size: 0px; height: 0px; line-height: 0px; margin: 0; padding: 0; clear: both;\"><\/div>","protected":false},"excerpt":{"rendered":"<p>Ish banorja e \u2018Big Brother VIP Albania\u2019 Egli Tako ka reaguar p\u00ebr her\u00eb t\u00eb par\u00eb pas largimit t\u00eb saj, duke ndar\u00eb mendimet mbi situat\u00ebn e saj dhe&#8230; <\/p>\n","protected":false},"author":1,"featured_media":22560,"comment_status":"open","ping_status":"open","sticky":false,"template":"","format":"standard","meta":{"footnotes":""},"categories":[6],"tags":[],"class_list":["post-22559","post","type-post","status-publish","format-standard","has-post-thumbnail","hentry","category-lajme"],"_links":{"self":[{"href":"https:\/\/new.findnews5.com\/index.php?rest_route=\/wp\/v2\/posts\/22559","targetHints":{"allow":["GET"]}}],"collection":[{"href":"https:\/\/new.findnews5.com\/index.php?rest_route=\/wp\/v2\/posts"}],"about":[{"href":"https:\/\/new.findnews5.com\/index.php?rest_route=\/wp\/v2\/types\/post"}],"author":[{"embeddable":true,"href":"https:\/\/new.findnews5.com\/index.php?rest_route=\/wp\/v2\/users\/1"}],"replies":[{"embeddable":true,"href":"https:\/\/new.findnews5.com\/index.php?rest_route=%2Fwp%2Fv2%2Fcomments&post=22559"}],"version-history":[{"count":0,"href":"https:\/\/new.findnews5.com\/index.php?rest_route=\/wp\/v2\/posts\/22559\/revisions"}],"wp:featuredmedia":[{"embeddable":true,"href":"https:\/\/new.findnews5.com\/index.php?rest_route=\/wp\/v2\/media\/22560"}],"wp:attachment":[{"href":"https:\/\/new.findnews5.com\/index.php?rest_route=%2Fwp%2Fv2%2Fmedia&parent=22559"}],"wp:term":[{"taxonomy":"category","embeddable":true,"href":"https:\/\/new.findnews5.com\/index.php?rest_route=%2Fwp%2Fv2%2Fcategories&post=22559"},{"taxonomy":"post_tag","embeddable":true,"href":"https:\/\/new.findnews5.com\/index.php?rest_route=%2Fwp%2Fv2%2Ftags&post=22559"}],"curies":[{"name":"wp","href":"https:\/\/api.w.org\/{rel}","templated":true}]}}