{"id":22548,"date":"2025-03-10T21:21:40","date_gmt":"2025-03-10T21:21:40","guid":{"rendered":"https:\/\/new.findnews5.com\/?p=22548"},"modified":"2025-03-10T21:21:46","modified_gmt":"2025-03-10T21:21:46","slug":"kerkon-lirine-para-vendimit-velliaj-paralajmeron-nga-qelia-do-te","status":"publish","type":"post","link":"https:\/\/new.findnews5.com\/?p=22548","title":{"rendered":"K\u00ebrkon lirin\u00eb\/ Para vendimit, Velliaj paralajm\u00ebron nga qelia: Do t\u00eb\u2026"},"content":{"rendered":"<div class=\"78954ae5fa42b68c1393fe3da4998882\" data-index=\"1\" style=\"float: none; margin:0px 0 0px 0; text-align:center;\">\n<div data-type=\"_mgwidget\" data-widget-id=\"1576712\">\r\n<\/div>\r\n<script>(function(w,q){w[q]=w[q]||[];w[q].push([\"_mgc.load\"])})(window,\"_mgq\");\r\n<\/script>\r\n\n<\/div>\n<p>Kryebashkiaku Erion Veliaj nj\u00eb dit\u00eb para senac\u00ebs q\u00eb do t\u00eb ket\u00eb n\u00eb Gjykat\u00ebn e Posa\u00e7me t\u00eb Apelit paralajm\u00ebron se p\u00ebrballja e nes\u00ebrme do t\u00eb jet\u00eb nj\u00eb rikthim i tij.<\/p>\n<p>Erion Veliaj: \u201cPas nj\u00eb muaji izolim, nes\u00ebr do t\u00eb rikthehem p\u00ebr t\u00eb mbrojtur veten, familjen, por edhe \u00e7do shqiptar, q\u00eb beson se: Letrat anonime jan\u00eb pjesa m\u00eb e sh\u00ebmtuar e regjimit q\u00eb lam\u00eb pas e s\u2019kan\u00eb vend n\u00eb Shqip\u00ebrin\u00eb moderne. Shpallja \u201ci d\u00ebnuar\u201d pa gjyq q\u00eb n\u00eb nisje, ndodhte n\u00eb dit\u00ebt m\u00eb t\u00eb err\u00ebta t\u00eb ferrit komunist, por jo n\u00eb nj\u00eb demokraci europiane. Hetimi i biografis\u00eb personale apo vetting-u i paligjsh\u00ebm, si ky imi p\u00ebr 20 vjet, ndodhte vet\u00ebm n\u00eb koh\u00ebn e Sali Enverit, por jo sot n\u00eb shek. XXI\u201d<\/p>\n<p>Veliaj nuk i ka kursyer s\u00ebrish akuzat ndaj prokurorit Ols Dado.<\/p>\n<p>Erion Veliaj: \u201cPersekutimi i familjes nga nj\u00eb noter nga babi, me 5-a, pa merit\u00eb e pa ligj, nd\u00ebrtues n\u00eb konflikt interesi, nuk mund t\u00eb jet\u00eb etaloni i Reform\u00ebs n\u00eb Drejt\u00ebsi. Shteti me \u201cUacap\u201d n\u00eb dit\u00eb pushimi, nga militant\u00eb t\u00eb zellsh\u00ebm t\u00eb Saliut, sot hetues t\u00eb Olsit, \u00ebsht\u00eb fyerje ndaj reform\u00ebs ku besuam t\u00eb gjith\u00eb. Presioni ndaj d\u00ebshmitar\u00ebve, duke iu kujtuar burgun, prind\u00ebrit e f\u00ebmij\u00ebt, u p\u00ebrket xhelat\u00ebve t\u00eb nj\u00eb regjimi, jo demokracis\u00eb\u201d<\/p>\n<p>Teksa nenvizon se m\u00eb shum\u00eb do t\u00eb shprehet n\u00eb seanc\u00eb Veliaj thote se prezumimi i pafaj\u00ebsis\u00eb \u00ebsht\u00eb detyrim p\u00ebr nj\u00eb standard Europian.<\/p>\n\n<div style=\"font-size: 0px; height: 0px; line-height: 0px; margin: 0; padding: 0; clear: both;\"><\/div>","protected":false},"excerpt":{"rendered":"<p>Kryebashkiaku Erion Veliaj nj\u00eb dit\u00eb para senac\u00ebs q\u00eb do t\u00eb ket\u00eb n\u00eb Gjykat\u00ebn e Posa\u00e7me t\u00eb Apelit paralajm\u00ebron se p\u00ebrballja e nes\u00ebrme do t\u00eb jet\u00eb nj\u00eb rikthim&#8230; <\/p>\n","protected":false},"author":1,"featured_media":22549,"comment_status":"open","ping_status":"open","sticky":false,"template":"","format":"standard","meta":{"footnotes":""},"categories":[6],"tags":[],"class_list":["post-22548","post","type-post","status-publish","format-standard","has-post-thumbnail","hentry","category-lajme"],"_links":{"self":[{"href":"https:\/\/new.findnews5.com\/index.php?rest_route=\/wp\/v2\/posts\/22548","targetHints":{"allow":["GET"]}}],"collection":[{"href":"https:\/\/new.findnews5.com\/index.php?rest_route=\/wp\/v2\/posts"}],"about":[{"href":"https:\/\/new.findnews5.com\/index.php?rest_route=\/wp\/v2\/types\/post"}],"author":[{"embeddable":true,"href":"https:\/\/new.findnews5.com\/index.php?rest_route=\/wp\/v2\/users\/1"}],"replies":[{"embeddable":true,"href":"https:\/\/new.findnews5.com\/index.php?rest_route=%2Fwp%2Fv2%2Fcomments&post=22548"}],"version-history":[{"count":0,"href":"https:\/\/new.findnews5.com\/index.php?rest_route=\/wp\/v2\/posts\/22548\/revisions"}],"wp:featuredmedia":[{"embeddable":true,"href":"https:\/\/new.findnews5.com\/index.php?rest_route=\/wp\/v2\/media\/22549"}],"wp:attachment":[{"href":"https:\/\/new.findnews5.com\/index.php?rest_route=%2Fwp%2Fv2%2Fmedia&parent=22548"}],"wp:term":[{"taxonomy":"category","embeddable":true,"href":"https:\/\/new.findnews5.com\/index.php?rest_route=%2Fwp%2Fv2%2Fcategories&post=22548"},{"taxonomy":"post_tag","embeddable":true,"href":"https:\/\/new.findnews5.com\/index.php?rest_route=%2Fwp%2Fv2%2Ftags&post=22548"}],"curies":[{"name":"wp","href":"https:\/\/api.w.org\/{rel}","templated":true}]}}